{"id":952,"date":"2024-09-15T19:02:19","date_gmt":"2024-09-15T18:02:19","guid":{"rendered":"https:\/\/bgr-ab-mil.de\/?p=952"},"modified":"2024-09-21T16:40:04","modified_gmt":"2024-09-21T15:40:04","slug":"aktionsbuendnis-gegen-rechts-innenstadt-kaempferisch-behauptet","status":"publish","type":"post","link":"https:\/\/bgr-ab-mil.de\/?p=952","title":{"rendered":"Aktionsb\u00fcndnis gegen Rechts: Innenstadt k\u00e4mpferisch behauptet!"},"content":{"rendered":"\n<p>Die regionale Presse konnte diesmal nicht an dem Fakt vorbei, dass das B\u00fcndnis gegen Rechts (BgR) mit dem von ihm initiierten erfreulich breiten Aktionsb\u00fcndnis das gr\u00f6\u00dfte Kontingent derer mobilisieren konnte, die sich am Samstag den 14. September einem erneuten nationalistischen und faschistoiden Aufmarsch entgegenstellten. Laut ihrem Bericht (<a href=\"https:\/\/www.main-echo.de\/region\/stadt-kreis-aschaffenburg\/rechte-in-der-unterzahl-das-war-der-demo-samstag-in-aschaffenburg-art-8363865\" target=\"_blank\" rel=\"noreferrer noopener\">Rechte in der Unterzahl: Das war der Demo-Samstag in Aschaffenburg<\/a>) gab die Polizei die Zahl von 450 an. Da sie aber unsere Inhalte nur in sehr hom\u00f6opathischen Dosen weitergab, werden wir hier sukzessive die Redebeitr\u00e4ge ver\u00f6ffentlichen, die insgesamt eine gro\u00dfe Bandbreite von pointierten Aussagen <strong>gegen die rechten Umtriebe in Region Gesellschaft und herrschender Politik<\/strong> beinhalten.<\/p>\n\n\n\n<p>Mit einem sehr lebendigen, k\u00e4mpferischen Demonstrationzug behaupteten wir die Hoheit in der Innenstadt und rissen den demagogischen Parolen von AFD, ihren rechtsextremen Skandal-Nudeln (Storm, Halemba &#8230;) sowie den ewig gestrigen Unterst\u00fctzer*innen aus NPD\/Heimat &amp; Co. die heuchlerische Maske herunter.<\/p>\n\n\n\n<!--more-->\n\n\n\n<p>So hie\u00df es in der Er\u00f6ffnungsrede: &#8222;<em>Ja, es gab sicher unberechtigte &#8218;Nazis raus!&#8216;-Rufe in den letzten Jahren.<\/em> <em>Aber wenn gerade Faschos von einer generel\u00adlen Nazi-Keule schwadronieren, ist das eine dreiste, demagogische und niedertr\u00e4chtige Ver\u00addrehung von Tatsachen. Es zeigt die niederen fa\u00adschistoiden Triebe in jeder Faser ihres K\u00f6rpers, wie sie ihre Geg\u00adner ent\u00admenschlichen, wie sie sich den Tod anderer w\u00fcnschen, wie sie la\u00adchen, wenn Menschen leiden und wie sie Menschen, die sie <\/em>&#8218;<em>fremd&#8216; empfinden, ihrer Freiheit und ihrer W\u00fcrde berauben wollen.<\/em>&#8220; Und an anderer Stelle: &#8222;<em>So wie die AFD und andere faschistische Gruppen sich heuchlerisch sozia\u00adle und frie\u00addenspolitische Parolen aneignen, so heftet sich die herrschende Politik einen <\/em>&#8218;<em>Kampf gegen Rechts&#8216; ans Revers. Sie verfolgt dabei selbst die Agenda der AFD und deren extrem rechten Berater. Regierung und Oppo\u00adsition haben die Parole von der Migrati\u00adon als &#8218;Mutter aller Proble\u00adme&#8216; \u00fcbernommen.<\/em>&#8222;<\/p>\n\n\n\n<p>Weitere Aussagen bitten wir, den Redebeitr\u00e4gen unten zu entnehmen.<\/p>\n\n\n\n<p><a href=\"http:\/\/bgr-ab-mil.de\/wp-content\/uploads\/2024\/09\/Redebeitrag20240914-BgR.pdf\" target=\"_blank\" rel=\"noreferrer noopener\">Redebeitrag B\u00fcndnis gegen Rechts (BgR)<\/a><\/p>\n\n\n\n<p><a href=\"http:\/\/bgr-ab-mil.de\/wp-content\/uploads\/2024\/09\/Redebeitrag240914_GEW.pdf\" target=\"_blank\" rel=\"noreferrer noopener\">Redebeitrag Gewerkschaft Erziehung und Wissenschaft (GEW)<\/a><\/p>\n\n\n\n<p><a href=\"http:\/\/bgr-ab-mil.de\/wp-content\/uploads\/2024\/09\/Redebeitrag240914-LG.pdf\" target=\"_blank\" rel=\"noreferrer noopener\">Redebeitrag Letzte Generation (LG)<\/a><\/p>\n\n\n\n<p><a href=\"http:\/\/bgr-ab-mil.de\/wp-content\/uploads\/2024\/09\/redebeitrag240914-OgR.pdf\" data-type=\"page\" data-id=\"397\" target=\"_blank\" rel=\"noreferrer noopener\">Redebeitrag Omas gegen Rechts (OgR)<\/a><\/p>\n\n\n\n<p>Fotos (privat) &#8211; zum vergr\u00f6\u00dfern mit rechtem Mausklick in neuem Fenster(Tab) \u00f6ffnen:<\/p>\n\n\n\n<figure class=\"wp-block-gallery has-nested-images columns-default is-cropped wp-block-gallery-1 is-layout-flex wp-block-gallery-is-layout-flex\">\n<figure class=\"wp-block-image size-full\"><img loading=\"lazy\" decoding=\"async\" width=\"1160\" height=\"620\" data-id=\"965\" src=\"https:\/\/bgr-ab-mil.de\/wp-content\/uploads\/2024\/09\/Herstallstrasse240914.jpg\" alt=\"\" class=\"wp-image-965\" srcset=\"https:\/\/bgr-ab-mil.de\/wp-content\/uploads\/2024\/09\/Herstallstrasse240914.jpg 1160w, https:\/\/bgr-ab-mil.de\/wp-content\/uploads\/2024\/09\/Herstallstrasse240914-300x160.jpg 300w, https:\/\/bgr-ab-mil.de\/wp-content\/uploads\/2024\/09\/Herstallstrasse240914-1024x547.jpg 1024w, https:\/\/bgr-ab-mil.de\/wp-content\/uploads\/2024\/09\/Herstallstrasse240914-768x410.jpg 768w\" sizes=\"auto, (max-width: 1160px) 100vw, 1160px\" \/><figcaption class=\"wp-element-caption\">Blick die &#8222;Herschelgass'&#8220; hinunter &#8211; \u00fcber 400 Personen!<\/figcaption><\/figure>\n\n\n\n<figure class=\"wp-block-image size-full\"><img loading=\"lazy\" decoding=\"async\" width=\"1160\" height=\"620\" data-id=\"964\" src=\"https:\/\/bgr-ab-mil.de\/wp-content\/uploads\/2024\/09\/bruno5plus240914.jpg\" alt=\"\" class=\"wp-image-964\" srcset=\"https:\/\/bgr-ab-mil.de\/wp-content\/uploads\/2024\/09\/bruno5plus240914.jpg 1160w, https:\/\/bgr-ab-mil.de\/wp-content\/uploads\/2024\/09\/bruno5plus240914-300x160.jpg 300w, https:\/\/bgr-ab-mil.de\/wp-content\/uploads\/2024\/09\/bruno5plus240914-1024x547.jpg 1024w, https:\/\/bgr-ab-mil.de\/wp-content\/uploads\/2024\/09\/bruno5plus240914-768x410.jpg 768w\" sizes=\"auto, (max-width: 1160px) 100vw, 1160px\" \/><figcaption class=\"wp-element-caption\">Bruno und sein f\u00fcnf Hanserl &#8211; besch\u00fctzt von wie viel Polizisten?<\/figcaption><\/figure>\n\n\n\n<figure class=\"wp-block-image size-large\"><img loading=\"lazy\" decoding=\"async\" width=\"1024\" height=\"576\" data-id=\"972\" src=\"https:\/\/bgr-ab-mil.de\/wp-content\/uploads\/2024\/09\/1000002746-1024x576.jpg\" alt=\"\" class=\"wp-image-972\" srcset=\"https:\/\/bgr-ab-mil.de\/wp-content\/uploads\/2024\/09\/1000002746-1024x576.jpg 1024w, https:\/\/bgr-ab-mil.de\/wp-content\/uploads\/2024\/09\/1000002746-300x169.jpg 300w, https:\/\/bgr-ab-mil.de\/wp-content\/uploads\/2024\/09\/1000002746-768x432.jpg 768w, https:\/\/bgr-ab-mil.de\/wp-content\/uploads\/2024\/09\/1000002746-1536x864.jpg 1536w, https:\/\/bgr-ab-mil.de\/wp-content\/uploads\/2024\/09\/1000002746-2048x1152.jpg 2048w\" sizes=\"auto, (max-width: 1024px) 100vw, 1024px\" \/><figcaption class=\"wp-element-caption\">Abschluss am blauen Klavier<\/figcaption><\/figure>\n<\/figure>\n\n\n\n<p><\/p>\n","protected":false},"excerpt":{"rendered":"<p>Die regionale Presse konnte diesmal nicht an dem Fakt vorbei, dass das B\u00fcndnis gegen Rechts (BgR) mit dem von ihm initiierten erfreulich breiten Aktionsb\u00fcndnis das gr\u00f6\u00dfte Kontingent derer mobilisieren konnte, die sich am Samstag den 14. September einem erneuten nationalistischen und faschistoiden Aufmarsch entgegenstellten. Laut ihrem Bericht (Rechte in der Unterzahl: Das war der Demo-Samstag<\/p><\/div>\n<div class=\"blog-btn\"><a href=\"https:\/\/bgr-ab-mil.de\/?p=952\" class=\"home-blog-btn\">Weiterlesen<\/a><\/p>\n","protected":false},"author":1,"featured_media":953,"comment_status":"closed","ping_status":"closed","sticky":false,"template":"","format":"standard","meta":{"footnotes":""},"categories":[32],"tags":[27,15,11],"class_list":["post-952","post","type-post","status-publish","format-standard","has-post-thumbnail","hentry","category-bericht","tag-afd","tag-neo-nazis","tag-region"],"_links":{"self":[{"href":"https:\/\/bgr-ab-mil.de\/index.php?rest_route=\/wp\/v2\/posts\/952","targetHints":{"allow":["GET"]}}],"collection":[{"href":"https:\/\/bgr-ab-mil.de\/index.php?rest_route=\/wp\/v2\/posts"}],"about":[{"href":"https:\/\/bgr-ab-mil.de\/index.php?rest_route=\/wp\/v2\/types\/post"}],"author":[{"embeddable":true,"href":"https:\/\/bgr-ab-mil.de\/index.php?rest_route=\/wp\/v2\/users\/1"}],"replies":[{"embeddable":true,"href":"https:\/\/bgr-ab-mil.de\/index.php?rest_route=%2Fwp%2Fv2%2Fcomments&post=952"}],"version-history":[{"count":17,"href":"https:\/\/bgr-ab-mil.de\/index.php?rest_route=\/wp\/v2\/posts\/952\/revisions"}],"predecessor-version":[{"id":989,"href":"https:\/\/bgr-ab-mil.de\/index.php?rest_route=\/wp\/v2\/posts\/952\/revisions\/989"}],"wp:featuredmedia":[{"embeddable":true,"href":"https:\/\/bgr-ab-mil.de\/index.php?rest_route=\/wp\/v2\/media\/953"}],"wp:attachment":[{"href":"https:\/\/bgr-ab-mil.de\/index.php?rest_route=%2Fwp%2Fv2%2Fmedia&parent=952"}],"wp:term":[{"taxonomy":"category","embeddable":true,"href":"https:\/\/bgr-ab-mil.de\/index.php?rest_route=%2Fwp%2Fv2%2Fcategories&post=952"},{"taxonomy":"post_tag","embeddable":true,"href":"https:\/\/bgr-ab-mil.de\/index.php?rest_route=%2Fwp%2Fv2%2Ftags&post=952"}],"curies":[{"name":"wp","href":"https:\/\/api.w.org\/{rel}","templated":true}]}}