{"id":921,"date":"2024-05-15T22:47:28","date_gmt":"2024-05-15T21:47:28","guid":{"rendered":"https:\/\/bgr-ab-mil.de\/?p=921"},"modified":"2024-05-15T22:57:06","modified_gmt":"2024-05-15T21:57:06","slug":"blechkatzen-gegen-rechte-rattenfaenger","status":"publish","type":"post","link":"https:\/\/bgr-ab-mil.de\/?p=921","title":{"rendered":"&#8222;Blechkatzen gegen rechte Rattenf\u00e4nger&#8220;"},"content":{"rendered":"\n<p>Entgegen der Polizeiangabe, die das MAIN-ECHO zur Teilnahme an der Kundgebung &#8222;Niedernberg ist bunt&#8220; berichtet, haben die Veranstalter:innen etwa 300 Teilnehmende erz\u00e4hlt. Etwa 25 Deutschlandfahnen schwenkende Menschen &#8211; darunter altbekannte Neo-Faschisten &#8211; meinten, die Veranstaltung mit Zwischenrufen st\u00f6ren zu k\u00f6nnen, was allerdings aufgrund der ausreichend starken \u00dcbertragungsanlage nicht gelang. Fast alle Reder:innen kritisierten den mutma\u00dflich von rechten Aktivisten ver\u00fcbten Anschlag auf den &#8222;Stern&#8220; und dr\u00fcckten ihre Solidarit\u00e4t aus.<\/p>\n\n\n\n<p>Wir dokumentieren hier die immer wieder von starkem Beifall unterbrochenen bzw. begleiteten Redebeitr\u00e4ge des <strong><a href=\"http:\/\/bgr-ab-mil.de\/wp-content\/uploads\/2024\/05\/Redebeitrag_MH_Kundgebung_Niedernberg_ist_bunt_20240511.pdf\" target=\"_blank\" rel=\"noreferrer noopener\">GEW-Kreisvorsitzenden Manuel Hoffmann<\/a><\/strong> und der Seebr\u00fccke-Aktivistin Marion Sch\u00e4dlich, beide aktiv auch im B\u00fcndnis gegen Rechts.<\/p>\n\n\n\n<figure class=\"wp-block-gallery has-nested-images columns-default is-cropped wp-block-gallery-1 is-layout-flex wp-block-gallery-is-layout-flex\">\n<figure class=\"wp-block-image size-large\"><img decoding=\"async\" src=\"https:\/\/bgr-ab-mil.de\/wp-content\/uploads\/2024\/05\/KG-Niedernberg240510.jpg\" alt=\"\"\/><\/figure>\n<\/figure>\n\n\n\n<p><\/p>\n","protected":false},"excerpt":{"rendered":"<p>Entgegen der Polizeiangabe, die das MAIN-ECHO zur Teilnahme an der Kundgebung &#8222;Niedernberg ist bunt&#8220; berichtet, haben die Veranstalter:innen etwa 300 Teilnehmende erz\u00e4hlt. Etwa 25 Deutschlandfahnen schwenkende Menschen &#8211; darunter altbekannte Neo-Faschisten &#8211; meinten, die Veranstaltung mit Zwischenrufen st\u00f6ren zu k\u00f6nnen, was allerdings aufgrund der ausreichend starken \u00dcbertragungsanlage nicht gelang. Fast alle Reder:innen kritisierten den mutma\u00dflich<\/p><\/div>\n<div class=\"blog-btn\"><a href=\"https:\/\/bgr-ab-mil.de\/?p=921\" class=\"home-blog-btn\">Weiterlesen<\/a><\/p>\n","protected":false},"author":1,"featured_media":922,"comment_status":"closed","ping_status":"closed","sticky":false,"template":"","format":"standard","meta":{"footnotes":""},"categories":[32],"tags":[19,11],"class_list":["post-921","post","type-post","status-publish","format-standard","has-post-thumbnail","hentry","category-bericht","tag-rechter-terror","tag-region"],"_links":{"self":[{"href":"https:\/\/bgr-ab-mil.de\/index.php?rest_route=\/wp\/v2\/posts\/921","targetHints":{"allow":["GET"]}}],"collection":[{"href":"https:\/\/bgr-ab-mil.de\/index.php?rest_route=\/wp\/v2\/posts"}],"about":[{"href":"https:\/\/bgr-ab-mil.de\/index.php?rest_route=\/wp\/v2\/types\/post"}],"author":[{"embeddable":true,"href":"https:\/\/bgr-ab-mil.de\/index.php?rest_route=\/wp\/v2\/users\/1"}],"replies":[{"embeddable":true,"href":"https:\/\/bgr-ab-mil.de\/index.php?rest_route=%2Fwp%2Fv2%2Fcomments&post=921"}],"version-history":[{"count":4,"href":"https:\/\/bgr-ab-mil.de\/index.php?rest_route=\/wp\/v2\/posts\/921\/revisions"}],"predecessor-version":[{"id":930,"href":"https:\/\/bgr-ab-mil.de\/index.php?rest_route=\/wp\/v2\/posts\/921\/revisions\/930"}],"wp:featuredmedia":[{"embeddable":true,"href":"https:\/\/bgr-ab-mil.de\/index.php?rest_route=\/wp\/v2\/media\/922"}],"wp:attachment":[{"href":"https:\/\/bgr-ab-mil.de\/index.php?rest_route=%2Fwp%2Fv2%2Fmedia&parent=921"}],"wp:term":[{"taxonomy":"category","embeddable":true,"href":"https:\/\/bgr-ab-mil.de\/index.php?rest_route=%2Fwp%2Fv2%2Fcategories&post=921"},{"taxonomy":"post_tag","embeddable":true,"href":"https:\/\/bgr-ab-mil.de\/index.php?rest_route=%2Fwp%2Fv2%2Ftags&post=921"}],"curies":[{"name":"wp","href":"https:\/\/api.w.org\/{rel}","templated":true}]}}