{"id":867,"date":"2023-11-10T21:38:01","date_gmt":"2023-11-10T20:38:01","guid":{"rendered":"http:\/\/bgr-ab-mil.de\/?p=867"},"modified":"2023-11-10T21:51:37","modified_gmt":"2023-11-10T20:51:37","slug":"9-november-hueten-wir-uns-vor-der-gleichgueltigkeit","status":"publish","type":"post","link":"https:\/\/bgr-ab-mil.de\/?p=867","title":{"rendered":"9. November: \u201eDie Anz\u00fcnder sind unterwegs!\u201c"},"content":{"rendered":"\n<p>In seiner Tradition des aktiven Gedenkens hat das B\u00fcndnis gegen Rechts Aschaffenburg-Miltenberg (BgR) auch im 85. Jahr nach der so genannten \u201eReichspogromnacht\u201c zur Kundgebung \u201ehinter der Sandkirche\u201c eingeladen. F\u00fcr etliche \u201eAschebercher\u201c ist \u201ehinner de Sandkerch\u201c noch gleichbe\u00addeutend mit \u201eGef\u00e4ngnis\u201c. Es stand dort bis Ende der 60er Jahre. Dort waren die Opfer der Faschisten zun\u00e4chst eingekerkert, war f\u00fcr viele die erste Station auf dem Weg ins KZ. Dort h\u00e4ngt die Gedenktafel, die Antifaschist:innen erstritten haben.<\/p>\n\n\n\n<p>In seinem <a href=\"http:\/\/bgr-ab-mil.de\/wp-content\/uploads\/2023\/11\/Redebeitrag-BgR-23.pdf\" target=\"_blank\" rel=\"noreferrer noopener\">Beitrag<\/a> erkl\u00e4rte das BgR unter dem Eindruck des Massakers vom 7. Oktober und darauf folgender antisemitischer Erscheinungen: \u201e<em>Nichts rechtfertigt diesen bestia\u00adlischen Gewalt\u00adausbruch der Hamas. Dessen ungeachtet muss Kritik an Ma\u00dfnahmen der israeli\u00adschen Regierung m\u00f6glich sein, ohne dass dies als Antisemitismus diffamiert wird. Wo immer jedoch tats\u00e4chlicher Antise\u00admitismus zu Tage tritt, m\u00fcssen wir uns ihm entschieden entgegen\u00adstellen. Das d\u00fcrfen wir nicht zulassen! Nie wieder!<\/em>\u201c In einer Schweigeminute wurde aller Opfer gedacht. Dann widmete sich der Redebeitrag dem Motto \u201eH\u00e4nde weg vom Recht auf Asyl!\u201c als einer der Lehren aus Verfolgung und Krieg. Eine seit 30 Jahren fortschreitende Beschr\u00e4nkung des Asylrechts &#8211; im Grundgesetz einstmals als <em>schrankenlos<\/em> verankert &#8211; wurde aufgezeigt und scharf kritisiert.<\/p>\n\n\n\n<p>Als zweiter Veranstaltungs-Schwerpunkt war das Erinnern an den Beginn des Auschwitz-Prozesses vor 60 Jahren gesetzt. Gastredner Frank Sommer hob in seinem <a href=\"http:\/\/bgr-ab-mil.de\/wp-content\/uploads\/2023\/11\/Redebeitrag-FSommer-231109.pdf\" target=\"_blank\" rel=\"noreferrer noopener\">Statement<\/a> den historischen Verdienst des damaligen hessischen Generalstaatsanwalts Dr. Fritz Bauer hervor. Er bestand f\u00fcr Sommer darin, den Schutz\u00adschild der Ade\u00adnau\u00ader-\u00c4ra gegen Bestrafung von NS-T\u00e4tern durch\u00adbro\u00adchen zu haben. So sei endlich eine offene Diskussion um die Aufarbeitung von Faschismus, Krieg und Holocaust angesto\u00dfen und \u201e<em>Gewissheiten der deutschen Nachkriegs\u00adgesellschaft bis heute nachhaltig ersch\u00fcttert<\/em>\u201c worden.<\/p>\n\n\n\n<p>Sommer zitierte abschlie\u00dfend die Holocaust-\u00dcberlebende Margot Friedl\u00e4nder: \u201e<em>Es braucht nur Gleichg\u00fcltigkeit und ein kleines bisschen Anz\u00fcnden, um Menschen aufzuwiegeln, und sie sind in der Lage, Dinge zu tun, die sie noch gestern weit von sich gewiesen h\u00e4tten.<\/em>\u201c Und er mahnte: \u201e<em>Die Anz\u00fcnder sind schon unterwegs! H\u00fcten wir uns vor der Gleichg\u00fcltigkeit!<\/em>\u201c.<\/p>\n\n\n\n<p>Von dem Platz \u201ehinter der Sandkirche\u201c zogen an die hundert Menschen in stillem Gedenken zur Hauptveranstaltung der Stadt am Wolfsthalplatz.<\/p>\n\n\n\n<p>Fotos \u00a9Hartmut Kreutz<\/p>\n","protected":false},"excerpt":{"rendered":"<p>In seiner Tradition des aktiven Gedenkens hat das B\u00fcndnis gegen Rechts Aschaffenburg-Miltenberg (BgR) auch im 85. Jahr nach der so genannten \u201eReichspogromnacht\u201c zur Kundgebung \u201ehinter der Sandkirche\u201c eingeladen. F\u00fcr etliche \u201eAschebercher\u201c ist \u201ehinner de Sandkerch\u201c noch gleichbe\u00addeutend mit \u201eGef\u00e4ngnis\u201c. Es stand dort bis Ende der 60er Jahre. Dort waren die Opfer der Faschisten zun\u00e4chst eingekerkert,<\/p><\/div>\n<div class=\"blog-btn\"><a href=\"https:\/\/bgr-ab-mil.de\/?p=867\" class=\"home-blog-btn\">Weiterlesen<\/a><\/p>\n","protected":false},"author":1,"featured_media":870,"comment_status":"closed","ping_status":"closed","sticky":false,"template":"","format":"standard","meta":{"footnotes":""},"categories":[1],"tags":[25],"class_list":["post-867","post","type-post","status-publish","format-standard","has-post-thumbnail","hentry","category-aufgemerkt","tag-9-november"],"_links":{"self":[{"href":"https:\/\/bgr-ab-mil.de\/index.php?rest_route=\/wp\/v2\/posts\/867","targetHints":{"allow":["GET"]}}],"collection":[{"href":"https:\/\/bgr-ab-mil.de\/index.php?rest_route=\/wp\/v2\/posts"}],"about":[{"href":"https:\/\/bgr-ab-mil.de\/index.php?rest_route=\/wp\/v2\/types\/post"}],"author":[{"embeddable":true,"href":"https:\/\/bgr-ab-mil.de\/index.php?rest_route=\/wp\/v2\/users\/1"}],"replies":[{"embeddable":true,"href":"https:\/\/bgr-ab-mil.de\/index.php?rest_route=%2Fwp%2Fv2%2Fcomments&post=867"}],"version-history":[{"count":4,"href":"https:\/\/bgr-ab-mil.de\/index.php?rest_route=\/wp\/v2\/posts\/867\/revisions"}],"predecessor-version":[{"id":872,"href":"https:\/\/bgr-ab-mil.de\/index.php?rest_route=\/wp\/v2\/posts\/867\/revisions\/872"}],"wp:featuredmedia":[{"embeddable":true,"href":"https:\/\/bgr-ab-mil.de\/index.php?rest_route=\/wp\/v2\/media\/870"}],"wp:attachment":[{"href":"https:\/\/bgr-ab-mil.de\/index.php?rest_route=%2Fwp%2Fv2%2Fmedia&parent=867"}],"wp:term":[{"taxonomy":"category","embeddable":true,"href":"https:\/\/bgr-ab-mil.de\/index.php?rest_route=%2Fwp%2Fv2%2Fcategories&post=867"},{"taxonomy":"post_tag","embeddable":true,"href":"https:\/\/bgr-ab-mil.de\/index.php?rest_route=%2Fwp%2Fv2%2Ftags&post=867"}],"curies":[{"name":"wp","href":"https:\/\/api.w.org\/{rel}","templated":true}]}}