{"id":819,"date":"2023-08-05T21:57:15","date_gmt":"2023-08-05T20:57:15","guid":{"rendered":"http:\/\/bgr-ab-mil.de\/?p=819"},"modified":"2023-08-16T22:08:19","modified_gmt":"2023-08-16T21:08:19","slug":"den-kampf-gegen-rechtsruck-afd-und-herrschende-verhaeltnisse-vorantreiben","status":"publish","type":"post","link":"https:\/\/bgr-ab-mil.de\/?p=819","title":{"rendered":"Den Kampf gegen Rechtsruck, AfD und herrschende Verh\u00e4ltnisse vorantreiben!"},"content":{"rendered":"<p><b>Redebeitrag von R. Frankl f\u00fcr das BgR am 30. Juli 2023<\/b><br>Eine \u00fcberregionale Zeitung hat am 5. Juli unserer Stadt den Titel \u201eWutStadt\u201c verliehen. Das passt nicht zum Marketing der Stadtverwaltung und der Gesch\u00e4ftswelt. Aber das ist ehrlich gesagt auch nicht meine Hauptsorge. Vielmehr frage ich mich, ob die B\u00fcrgerwut hier wirklich so gro\u00df ist. Und: Wohin f\u00fchrt sie? Wie kann man ihr begegnen?<br>Antifaschistische Recherche hat seit drei Jahren konkret auf die immer gr\u00f6\u00dfere Rolle von rechten Menschenf\u00e4ngern bei Protesten hingewiesen. Das wurde jetzt von den Medien aufgegriffen. Das ist schon mal gut. Aber die Hinweise werden in blinder Wut nicht zur Kenntnis genommen &#8211; geschweige denn abgewogen. So f\u00fcllen Emp\u00f6rung und Wut nur das Stimmenkonto der AfD. &#8230;<\/p>\n\n\n<p>&#8230; <a href=\"http:\/\/bgr-ab-mil.de\/wp-content\/uploads\/2023\/08\/Redebeitrag20230730rfin.pdf\" target=\"_blank\" rel=\"noreferrer noopener\">Weiterlesen<\/a> <\/p>\n","protected":false},"excerpt":{"rendered":"<p>Redebeitrag von R. Frankl f\u00fcr das BgR am 30. Juli 2023Eine \u00fcberregionale Zeitung hat am 5. Juli unserer Stadt den Titel \u201eWutStadt\u201c verliehen. Das passt nicht zum Marketing der Stadtverwaltung und der Gesch\u00e4ftswelt. Aber das ist ehrlich gesagt auch nicht meine Hauptsorge. Vielmehr frage ich mich, ob die B\u00fcrgerwut hier wirklich so gro\u00df ist. Und:<\/p><\/div>\n<div class=\"blog-btn\"><a href=\"https:\/\/bgr-ab-mil.de\/?p=819\" class=\"home-blog-btn\">Weiterlesen<\/a><\/p>\n","protected":false},"author":2,"featured_media":823,"comment_status":"closed","ping_status":"closed","sticky":false,"template":"","format":"standard","meta":{"footnotes":""},"categories":[3],"tags":[27],"class_list":["post-819","post","type-post","status-publish","format-standard","has-post-thumbnail","hentry","category-statement","tag-afd"],"_links":{"self":[{"href":"https:\/\/bgr-ab-mil.de\/index.php?rest_route=\/wp\/v2\/posts\/819","targetHints":{"allow":["GET"]}}],"collection":[{"href":"https:\/\/bgr-ab-mil.de\/index.php?rest_route=\/wp\/v2\/posts"}],"about":[{"href":"https:\/\/bgr-ab-mil.de\/index.php?rest_route=\/wp\/v2\/types\/post"}],"author":[{"embeddable":true,"href":"https:\/\/bgr-ab-mil.de\/index.php?rest_route=\/wp\/v2\/users\/2"}],"replies":[{"embeddable":true,"href":"https:\/\/bgr-ab-mil.de\/index.php?rest_route=%2Fwp%2Fv2%2Fcomments&post=819"}],"version-history":[{"count":4,"href":"https:\/\/bgr-ab-mil.de\/index.php?rest_route=\/wp\/v2\/posts\/819\/revisions"}],"predecessor-version":[{"id":824,"href":"https:\/\/bgr-ab-mil.de\/index.php?rest_route=\/wp\/v2\/posts\/819\/revisions\/824"}],"wp:featuredmedia":[{"embeddable":true,"href":"https:\/\/bgr-ab-mil.de\/index.php?rest_route=\/wp\/v2\/media\/823"}],"wp:attachment":[{"href":"https:\/\/bgr-ab-mil.de\/index.php?rest_route=%2Fwp%2Fv2%2Fmedia&parent=819"}],"wp:term":[{"taxonomy":"category","embeddable":true,"href":"https:\/\/bgr-ab-mil.de\/index.php?rest_route=%2Fwp%2Fv2%2Fcategories&post=819"},{"taxonomy":"post_tag","embeddable":true,"href":"https:\/\/bgr-ab-mil.de\/index.php?rest_route=%2Fwp%2Fv2%2Ftags&post=819"}],"curies":[{"name":"wp","href":"https:\/\/api.w.org\/{rel}","templated":true}]}}