{"id":527,"date":"2020-02-20T23:13:09","date_gmt":"2020-02-20T22:13:09","guid":{"rendered":"http:\/\/bgr-ab-mil.de\/?p=527"},"modified":"2020-02-20T23:40:02","modified_gmt":"2020-02-20T22:40:02","slug":"20-02-2020-kundgebung-gegen-rechten-terror-und-die-geistigen-brandstifter","status":"publish","type":"post","link":"https:\/\/bgr-ab-mil.de\/?p=527","title":{"rendered":"20.02.2020 &#8211; Kundgebung gegen rechten Terror und die geistigen Brandstifter"},"content":{"rendered":"\n<p>(Foto: 361\u00b0Aschaffenburg) Das B\u00fcndnis gegen Rechts bedankt sich bei den Genoss*innen der IL Aschaffenburg f\u00fcr die Organisation der Veranstaltung und die M\u00f6glichkeit, folgendes Gru\u00dfwort zu \u00fcberbringen:<\/p>\n\n\n\n<p>Gru\u00dfwort des B\u00fcndnis gegen Rechts (R. Frankl)<\/p>\n\n\n\n<p>Ob Hoyerswerda, Rostock-Lichtenhagen, M\u00f6lln, Solingen, Anfang der Neunziger, dann die Orte der NSU-Mordserie, der Anschlag auf Charlie Hebdo in Paris, Breiviks Massaker in Oslo, jetzt wieder Kassel, Halle, Augsburg. F\u00fcr uns Aschaffenburger*innen immer relativ weit weg.  <\/p>\n\n\n\n<p>Und\nnun Hanau. Ein paar Kilometer Main abw\u00e4rts. Ganz nah, der Einschlag\ndiesmal. Und doch so weit weg, was das Begreifen angeht.<\/p>\n\n\n\n<p>Aber\nwir m\u00fcssen begreifen.<\/p>\n\n\n\n<p>Hier, an der Seite der Opfer und ihrer Angeh\u00f6rigen, derer wir heute auch in Aschaffenburg in erster Linie gedenken.<\/p>\n\n\n\n<!--more-->\n\n\n\n<p>So\nunterschiedlich die T\u00e4ter von Halle, von Hanau, von Kassel, von\nAugsburg sind &#8211; sie werden angetrieben von der Ideologie, dass es\neine Herrenrasse gebe, die postuliert, nur ihr stehe es zu, in\nDeutschland zu leben. Angetrieben von identit\u00e4rer Hetze \u00fcber die\nUnvertr\u00e4glichkeit von Kulturen. Von Geschwafel an den Stammtischen\nund Geschrei in den Stra\u00dfen \u00fcber den bef\u00fcrchteten &#8222;Volkstod&#8220;,\nweil angeblich Familien, die Wurzeln in der T\u00fcrkei oder in Afrika\nhaben, mehr Kinder bekommen als Deutsche und deswegen bald die\n\u00dcbermacht gewinnen k\u00f6nnten. Sie faseln von &#8222;Bev\u00f6lkerungsaustausch&#8220;,\nden die Regierung angeblich plane: In Deutschland sollen Deutsche, in\nFrankreich Franzosen, in Holland Holl\u00e4nder, immer jedenfalls gegen\nAusl\u00e4nder ausgetauscht werden. Und es ist diesen Leuten vollkommen\negal, wie integriert Menschen mit ausl\u00e4ndischen Wurzeln sind, ob sie\nals \u00c4rzte arbeiten, Arbeitspl\u00e4tze schaffen oder Steuern zahlen. Und\nauch eine der gro\u00dfen Weltreligionen dient wieder f\u00fcr\nSchuldzuweisungen aller Art, wie sie die Nationalsozialisten dem\nJudentum angelastet haben: nicht zugeh\u00f6rig und schlussendlich\nunwertes Leben.<\/p>\n\n\n\n<p>Ob\nschon die Sch\u00fcsse auf Benno Ohnesorg, Rudi Dutschke, Georg v. Rauch,\naber auch die rassistischen Pogrome Anfang der 90er: immer waren den\nAktionen entsprechende Stimmungsmache in den Boulevard-Medien\nvorausgegangen. \n<\/p>\n\n\n\n<p>Wer\nheute noch \u2013 wie z.B. der fr\u00fchere Verfassungsschutzpr\u00e4sident\nMaa\u00dfen \u2013 sich dar\u00fcber lustig macht, dass fortschrittliche\nMenschen die Gewaltbereitschaft der rechten Szene und die Tendenz\nunseres Gesellschaftssystems nach Rechts kritisieren. Wer den Feind\nweiterhin links sucht, hat entweder den Schuss nicht geh\u00f6rt oder ist\nvon tieferem und nachhaltigerem Interesse geleitet, den Rechtsruck zu\nrelativieren.<\/p>\n\n\n\n<p>Der\nKreisvorsitzenden der AfD beschwerte sich k\u00fcrzlich im MAIN-ECHO mal\nwieder, er und seine rechtsextreme Partei sei durch einen Kommentar\ndes Chefredakteurs zu Unrecht  als Demokratiever\u00e4chter gebrandmarkt\nworden. Eine Partei, die sich t\u00e4glich der eben beschriebenen Hetze\nbeflei\u00dfigt, die kein Hehl daraus macht, als politischer Arm der\nv\u00f6lkischen Bewegung zu gelten, die die faschistische Geschichte\nDeutschlands als Vogelschiss bezeichnete und das Gedenken an die\nOpfer als Schande &#8211; die sich nicht von ihren rechten Fl\u00fcgelleuten\ndistanzieren kann, ja viel mehr noch sich von rechten Thinktanks wie\ndem Institut f\u00fcr Staatspolitik G\u00f6tz Kubitscheks beraten l\u00e4sst,\nwelchen Grund gibt es f\u00fcr Herrn Junker und seine AfD da zu solcher\nBeschwerde?<\/p>\n\n\n\n<p>Ja,\nden Rechten gelingt es manchmal, auf die Emp\u00f6rung gegen echte\nsoziale Missst\u00e4nde aufzuspringen, wie jetzt wieder die\nTrittbrettfahrer von \u201eFridays gegen Altersarmut\u201c. \n<\/p>\n\n\n\n<p>Deshalb\ngilt \u2013 gerade auch im Kampf um die sozialen Fragen oder um die\nSoziale Frage:<\/p>\n\n\n\n<p>Kein\nFu\u00dfbreit den Faschisten und ihren Getreuen!<\/p>\n\n\n\n<p>Kein\nVergeben und kein Vergessen f\u00fcr ihre Greueltaten!<\/p>\n\n\n\n<p>Wenn das weiterhin gelten soll, dann darf es halt nicht bei der jetzt viel zu h\u00f6renden Betroffenheit bleiben. Ihr m\u00fcssen auch Handlungen erwachsen.<\/p>\n","protected":false},"excerpt":{"rendered":"<p>(Foto: 361\u00b0Aschaffenburg) Das B\u00fcndnis gegen Rechts bedankt sich bei den Genoss*innen der IL Aschaffenburg f\u00fcr die Organisation der Veranstaltung und die M\u00f6glichkeit, folgendes Gru\u00dfwort zu \u00fcberbringen: Gru\u00dfwort des B\u00fcndnis gegen Rechts (R. Frankl) Ob Hoyerswerda, Rostock-Lichtenhagen, M\u00f6lln, Solingen, Anfang der Neunziger, dann die Orte der NSU-Mordserie, der Anschlag auf Charlie Hebdo in Paris, Breiviks Massaker<\/p><\/div>\n<div class=\"blog-btn\"><a href=\"https:\/\/bgr-ab-mil.de\/?p=527\" class=\"home-blog-btn\">Weiterlesen<\/a><\/p>\n","protected":false},"author":1,"featured_media":530,"comment_status":"closed","ping_status":"closed","sticky":false,"template":"","format":"standard","meta":{"footnotes":""},"categories":[3],"tags":[27,19],"class_list":["post-527","post","type-post","status-publish","format-standard","has-post-thumbnail","hentry","category-statement","tag-afd","tag-rechter-terror"],"_links":{"self":[{"href":"https:\/\/bgr-ab-mil.de\/index.php?rest_route=\/wp\/v2\/posts\/527","targetHints":{"allow":["GET"]}}],"collection":[{"href":"https:\/\/bgr-ab-mil.de\/index.php?rest_route=\/wp\/v2\/posts"}],"about":[{"href":"https:\/\/bgr-ab-mil.de\/index.php?rest_route=\/wp\/v2\/types\/post"}],"author":[{"embeddable":true,"href":"https:\/\/bgr-ab-mil.de\/index.php?rest_route=\/wp\/v2\/users\/1"}],"replies":[{"embeddable":true,"href":"https:\/\/bgr-ab-mil.de\/index.php?rest_route=%2Fwp%2Fv2%2Fcomments&post=527"}],"version-history":[{"count":4,"href":"https:\/\/bgr-ab-mil.de\/index.php?rest_route=\/wp\/v2\/posts\/527\/revisions"}],"predecessor-version":[{"id":534,"href":"https:\/\/bgr-ab-mil.de\/index.php?rest_route=\/wp\/v2\/posts\/527\/revisions\/534"}],"wp:featuredmedia":[{"embeddable":true,"href":"https:\/\/bgr-ab-mil.de\/index.php?rest_route=\/wp\/v2\/media\/530"}],"wp:attachment":[{"href":"https:\/\/bgr-ab-mil.de\/index.php?rest_route=%2Fwp%2Fv2%2Fmedia&parent=527"}],"wp:term":[{"taxonomy":"category","embeddable":true,"href":"https:\/\/bgr-ab-mil.de\/index.php?rest_route=%2Fwp%2Fv2%2Fcategories&post=527"},{"taxonomy":"post_tag","embeddable":true,"href":"https:\/\/bgr-ab-mil.de\/index.php?rest_route=%2Fwp%2Fv2%2Ftags&post=527"}],"curies":[{"name":"wp","href":"https:\/\/api.w.org\/{rel}","templated":true}]}}