{"id":277,"date":"2017-06-27T12:27:02","date_gmt":"2017-06-27T11:27:02","guid":{"rendered":"http:\/\/bgr-ab-mil.de\/?p=277"},"modified":"2017-06-27T12:34:17","modified_gmt":"2017-06-27T11:34:17","slug":"kein-podium-fuer-die-afd","status":"publish","type":"post","link":"https:\/\/bgr-ab-mil.de\/?p=277","title":{"rendered":"Kein Podium der AfD!"},"content":{"rendered":"<p><a href=\"http:\/\/bgr-ab-mil.de\/wp-content\/uploads\/2017\/06\/KundgebungKeinPodium.pdf\" rel=\"\">pdf herunterladen<\/a><img loading=\"lazy\" decoding=\"async\" class=\"size-medium wp-image-281 alignleft\" src=\"http:\/\/bgr-ab-mil.de\/wp-content\/uploads\/2017\/06\/Aufruf20170630-213x300.jpg\" alt=\"Aufruf20170630\" width=\"213\" height=\"300\" srcset=\"https:\/\/bgr-ab-mil.de\/wp-content\/uploads\/2017\/06\/Aufruf20170630-213x300.jpg 213w, https:\/\/bgr-ab-mil.de\/wp-content\/uploads\/2017\/06\/Aufruf20170630.jpg 429w\" sizes=\"auto, (max-width: 213px) 100vw, 213px\" \/><br \/>\nDie Bundestagswahl 2017 wird entscheiden, ob nach dem Aufflammen rechter Gewalt auf den Stra\u00dfen k\u00fcnftig auch im Deutschen Bundestag eine Partei vertreten sein wird, die offen rechte Positionen vertritt.<br \/>\nDie Initiative GeHmit, eine Initiative \u201eAschaffenburger K\u00fcnstler und Kulturschaffende\u201c veranstaltet eine Podiumsdiskussion mit den Direktkandidaten zur Bundestagswahl. Insgesamt sieben Kandidat_innen haben ihre Teilnahme best\u00e4tigt. Darunter auch der AfD-Kandidat Andreas Kropp.<br \/>\nW\u00e4hrend Unterk\u00fcnfte f\u00fcr Asylsuchende brennen, reden AfD-Vertreter_innen von Schie\u00dfbefehlen an den EU-Au\u00dfengrenzen, f\u00fcrchten das Aussterben des \u201edeutschen Volkes\u201c, stellen das Gedenken an den Holocaust in Frage, versuchen die Errungenschaften der Frauen-bewegung ungeschehen zu machen, wollen die Rechte von Arbeitnehmerinnen und Erwerbslosen einschr\u00e4nken und mobilisieren gegen Gefl\u00fcchtete, Homosexuelle, Alleinerziehende usw.<br \/>\n<!--more-->Mit ihrer Strategie des kalkulierten Tabubruchs r\u00fcckt sich die AfD nicht nur geschickt ins mediale Rampenlicht, sondern verst\u00e4rkt insgesamt ein gesellschaftliches Klima der Ausgrenzung.<br \/>\nDass NPD, Republikaner und Co. mit solchen T\u00f6nen bundesweit nie eine nennenswerte politische Kraft werden konnten, lag nicht zuletzt an dem eindeutigen Echo aus der Zivilgesellschaft: Rassismus wird nicht toleriert, und wer gegen Minderheiten hetzt, bekommt daf\u00fcr keine B\u00fchne.<br \/>\nGenau diese Haltung ger\u00e4t derzeit massiv ins Wanken: Es sind Initiativen wie GeHmit, die u.a. f\u00fcr sich in Anspruch nehmen, sich gegen Rechtspopulismus und f\u00fcr ein weltoffenes Miteinander einzusetzen, die aber \u2013 gewollt oder nicht \u2013 der AfD T\u00fcr und Tor \u00f6ffnen und damit zu deren weiteren Akzeptanz sowie der Vergiftung des gesellschaftlichen Klimas beitragen.<br \/>\nWir halten dagegen und sagen: Eine Partei, die extreme Rechte in den eigenen Reihen toleriert, soziale Ungleichheit befeuert, Rassismus, Nationalismus und Sexismus salonf\u00e4hig macht, hat keinerlei Akzeptanz verdient!<br \/>\nDeshalb rufen wir zu einer Kundgebung vor dem Stadttheater Aschaffenburg auf, um dieser Position Nachdruck zu verleihen. Lasst uns gemeinsam deutlich machen das Rassismus und Faschismus keine Alternativen sind, mit deren Ideologen auf dem Podium oder anderswo man sich gemein machen sollte. Und dass es noch zivilgesellschaftliche Initiativen gibt, die sich dem steigenden Rechtstrend selbstbewusst entgegenstellen und klar und deutlich sagen:<\/p>\n<p>Nicht mit uns, kein Podium der AfD!<\/p>\n<p>KUNDGEBUNG Freitag, 30.06.17 \u2013 17 bis 18 Uhr<\/p>\n<p>Theaterplatz Aschaffenburg<\/p>\n","protected":false},"excerpt":{"rendered":"<p>pdf herunterladen Die Bundestagswahl 2017 wird entscheiden, ob nach dem Aufflammen rechter Gewalt auf den Stra\u00dfen k\u00fcnftig auch im Deutschen Bundestag eine Partei vertreten sein wird, die offen rechte Positionen vertritt. Die Initiative GeHmit, eine Initiative \u201eAschaffenburger K\u00fcnstler und Kulturschaffende\u201c veranstaltet eine Podiumsdiskussion mit den Direktkandidaten zur Bundestagswahl. Insgesamt sieben Kandidat_innen haben ihre Teilnahme best\u00e4tigt.<\/p><\/div>\n<div class=\"blog-btn\"><a href=\"https:\/\/bgr-ab-mil.de\/?p=277\" class=\"home-blog-btn\">Weiterlesen<\/a><\/p>\n","protected":false},"author":1,"featured_media":0,"comment_status":"closed","ping_status":"closed","sticky":false,"template":"","format":"standard","meta":{"footnotes":""},"categories":[1],"tags":[],"class_list":["post-277","post","type-post","status-publish","format-standard","hentry","category-aufgemerkt"],"_links":{"self":[{"href":"https:\/\/bgr-ab-mil.de\/index.php?rest_route=\/wp\/v2\/posts\/277","targetHints":{"allow":["GET"]}}],"collection":[{"href":"https:\/\/bgr-ab-mil.de\/index.php?rest_route=\/wp\/v2\/posts"}],"about":[{"href":"https:\/\/bgr-ab-mil.de\/index.php?rest_route=\/wp\/v2\/types\/post"}],"author":[{"embeddable":true,"href":"https:\/\/bgr-ab-mil.de\/index.php?rest_route=\/wp\/v2\/users\/1"}],"replies":[{"embeddable":true,"href":"https:\/\/bgr-ab-mil.de\/index.php?rest_route=%2Fwp%2Fv2%2Fcomments&post=277"}],"version-history":[{"count":5,"href":"https:\/\/bgr-ab-mil.de\/index.php?rest_route=\/wp\/v2\/posts\/277\/revisions"}],"predecessor-version":[{"id":283,"href":"https:\/\/bgr-ab-mil.de\/index.php?rest_route=\/wp\/v2\/posts\/277\/revisions\/283"}],"wp:attachment":[{"href":"https:\/\/bgr-ab-mil.de\/index.php?rest_route=%2Fwp%2Fv2%2Fmedia&parent=277"}],"wp:term":[{"taxonomy":"category","embeddable":true,"href":"https:\/\/bgr-ab-mil.de\/index.php?rest_route=%2Fwp%2Fv2%2Fcategories&post=277"},{"taxonomy":"post_tag","embeddable":true,"href":"https:\/\/bgr-ab-mil.de\/index.php?rest_route=%2Fwp%2Fv2%2Ftags&post=277"}],"curies":[{"name":"wp","href":"https:\/\/api.w.org\/{rel}","templated":true}]}}