{"id":228,"date":"2016-11-01T21:23:53","date_gmt":"2016-11-01T20:23:53","guid":{"rendered":"http:\/\/bgr-ab-mil.de\/?p=228"},"modified":"2019-01-08T12:08:38","modified_gmt":"2019-01-08T11:08:38","slug":"statement-anlaesslich-der-enthuellung-der-info-stele-fuer-friedel-heymann","status":"publish","type":"post","link":"https:\/\/bgr-ab-mil.de\/?p=228","title":{"rendered":"Statement anl\u00e4sslich der Enth\u00fcllung der Info-Stele f\u00fcr Friedel Heymann"},"content":{"rendered":"<p>&lt;Es gilt das gesprochene Wort&gt;<\/p>\n<p>Nach dem Krieg versuchte der f\u00fcr die widerrechtliche Hinrichtung Friedel Heymanns Hauptverantwortliche vor dem W\u00fcrzburger Landgericht das Motiv f\u00fcr sein Handeln zu rechtfertigen. Er erkl\u00e4rte: \u201eWir mussten ein Exempel statuieren!&#8220; Und: \u201eEin Offizier musste es sein\u201c!<\/p>\n<p>Nichts entlarvt so schonungslos Zynismus und Unmenschlichkeit der T\u00e4ter wie dieser Erkl\u00e4rungsversuch! Nicht um ein &#8211; wie immer geartetes &#8211; angebliches Recht oder Unrecht ging es diesen so genannten \u201eRichtern\u201c. Nein! &#8211; Angst und Schrecken sollten unter Bev\u00f6lkerung und Soldaten verbreitet werden, um sie zum Weitermachen in einem milit\u00e4risch und moralisch l\u00e4ngst verlorenen Krieg zu bewegen. Nur darum ging es!<!--more--><\/p>\n<p>Man muss sich das einmal vorstellen: Von Januar bis Mai 1945 starben mehr Deutsche, als in den f\u00fcnf Kriegsjahren zuvor zusammengenommen! 300.000 Kinder verloren ihre Eltern. Das bedeutet, dass jeder Tag, ja, jede Stunde, um die dieser sinnlose Krieg verk\u00fcrzt wurde, Tausende von Menschenleben rettete! Wie jemand vor diesem Hintergrund im Nachhinein das Weiterk\u00e4mpfen in dieser Situation zur \u201evaterl\u00e4ndischen Pflicht\u201c erkl\u00e4ren kann, ist mir unerfindlich! Das sinnlose Leiden und Sterben Tausender M\u00e4nner, Frauen und Kinder als \u201evaterl\u00e4ndische Pflicht\u201c? In welchem Vaterland leben Menschen, die so etwas glauben?<\/p>\n<p>Friedel Heymann war einer von 23.000 zumeist jungen deutschen Wehrmachtssoldaten, die als angebliche Deserteure hingerichtet wurden. Und es ist kein Ruhmesblatt der deutschen Nachkriegsgeschichte, dass es 57 Jahre dauerte, bis der deutsche Bundestag alle Urteile der \u201eMilit\u00e4rgerichte\u201c gegen so genannte \u201eDeserteure\u201c pauschal als Unrechtsurteile aufhob. Dieser Parlamentsbeschluss wurde von einigen Unbelehrbaren als \u201eSchande\u201c bezeichnet. Ich sage: Nicht dieser Beschluss war eine Schande, sondern die Tatsache, dass er so sp\u00e4t kam! Immerhin durfte es Friedel Heymanns Witwe noch einige Jahre vor ihrem Tod erleben, dass ihr die Staatsanwaltschaft Aschaffenburg im April 2004 schriftlich und offiziell best\u00e4tigte, dass das Urteil gegen ihren Mann aufgehoben ist \u2013 fast 60 Jahre nach seinem Tod!<br \/>\n2013 haben wir einen \u201eStolperstein\u201c f\u00fcr Friedel Heymann vor seinem letzten Wohnsitz in Schweinheim in der Freundstra\u00dfe 20 verlegt.<br \/>\nZahava Stessel, der als 14 J\u00e4hriger die H\u00f6lle von Auschwitz \u00fcberlebt hat, sagte 2003 in einem Interview:<br \/>\n\u201eWenn Du es nicht erz\u00e4hlst, wenn Du es nicht niederschreibst wie es ist, ist es, als ei es niemals geschehen\u201c<br \/>\nAber es\u00a0 i s t\u00a0 geschehen!<br \/>\nHier!<br \/>\nUnd weil es geschehen ist, kann es wieder geschehen!<br \/>\nUnd weil es wieder geschehen kann, sind wir \u2013 wir alle, jeder einzelne von uns, bei unserem Leben dazu verpflichtet, alles in unserem Verm\u00f6gen stehende zu tun, um zu verhindern, dass jemals wieder Rechtlosigkeit, Gewalt und Terror die Oberhand gewinnen k\u00f6nnen!<br \/>\nVon diesem Ort geht am heutigen Tag eine Botschaft aus an die T\u00e4ter von damals \u2013 und an ihre geistigen Erben und Nachfolger!<br \/>\nIhr hattet die Macht!<br \/>\nIhr konntet Friedel Heymann das Leben nehmen.<br \/>\nDie Ehre nicht!<\/p>\n<p>0-0-0-0-0-0-0-0-<\/p>\n<p>Frank Sommer<br \/>\nMitglied des Beirates \u201eF\u00f6rderkreis Haus Wolfsthalplatz\u201c<br \/>\nAschaffenburg, Herstallstra\u00dfe 5 am 17. Oktober 2016<\/p>\n<p>Ver\u00f6ffentlichung mit freundlicher Genehmigung des Autors<\/p>\n","protected":false},"excerpt":{"rendered":"<p>&lt;Es gilt das gesprochene Wort&gt; Nach dem Krieg versuchte der f\u00fcr die widerrechtliche Hinrichtung Friedel Heymanns Hauptverantwortliche vor dem W\u00fcrzburger Landgericht das Motiv f\u00fcr sein Handeln zu rechtfertigen. Er erkl\u00e4rte: \u201eWir mussten ein Exempel statuieren!&#8220; Und: \u201eEin Offizier musste es sein\u201c! Nichts entlarvt so schonungslos Zynismus und Unmenschlichkeit der T\u00e4ter wie dieser Erkl\u00e4rungsversuch! Nicht um<\/p><\/div>\n<div class=\"blog-btn\"><a href=\"https:\/\/bgr-ab-mil.de\/?p=228\" class=\"home-blog-btn\">Weiterlesen<\/a><\/p>\n","protected":false},"author":1,"featured_media":230,"comment_status":"closed","ping_status":"closed","sticky":false,"template":"","format":"standard","meta":{"footnotes":""},"categories":[3],"tags":[8,38,17,39],"class_list":["post-228","post","type-post","status-publish","format-standard","has-post-thumbnail","hentry","category-statement","tag-faschismus","tag-friedel-heymann","tag-gedenktag","tag-wehrmachtsverbrechen"],"_links":{"self":[{"href":"https:\/\/bgr-ab-mil.de\/index.php?rest_route=\/wp\/v2\/posts\/228","targetHints":{"allow":["GET"]}}],"collection":[{"href":"https:\/\/bgr-ab-mil.de\/index.php?rest_route=\/wp\/v2\/posts"}],"about":[{"href":"https:\/\/bgr-ab-mil.de\/index.php?rest_route=\/wp\/v2\/types\/post"}],"author":[{"embeddable":true,"href":"https:\/\/bgr-ab-mil.de\/index.php?rest_route=\/wp\/v2\/users\/1"}],"replies":[{"embeddable":true,"href":"https:\/\/bgr-ab-mil.de\/index.php?rest_route=%2Fwp%2Fv2%2Fcomments&post=228"}],"version-history":[{"count":5,"href":"https:\/\/bgr-ab-mil.de\/index.php?rest_route=\/wp\/v2\/posts\/228\/revisions"}],"predecessor-version":[{"id":378,"href":"https:\/\/bgr-ab-mil.de\/index.php?rest_route=\/wp\/v2\/posts\/228\/revisions\/378"}],"wp:featuredmedia":[{"embeddable":true,"href":"https:\/\/bgr-ab-mil.de\/index.php?rest_route=\/wp\/v2\/media\/230"}],"wp:attachment":[{"href":"https:\/\/bgr-ab-mil.de\/index.php?rest_route=%2Fwp%2Fv2%2Fmedia&parent=228"}],"wp:term":[{"taxonomy":"category","embeddable":true,"href":"https:\/\/bgr-ab-mil.de\/index.php?rest_route=%2Fwp%2Fv2%2Fcategories&post=228"},{"taxonomy":"post_tag","embeddable":true,"href":"https:\/\/bgr-ab-mil.de\/index.php?rest_route=%2Fwp%2Fv2%2Ftags&post=228"}],"curies":[{"name":"wp","href":"https:\/\/api.w.org\/{rel}","templated":true}]}}