{"id":1006,"date":"2024-11-18T12:55:35","date_gmt":"2024-11-18T11:55:35","guid":{"rendered":"https:\/\/bgr-ab-mil.de\/?p=1006"},"modified":"2024-11-18T13:23:07","modified_gmt":"2024-11-18T12:23:07","slug":"9-11-24-mit-asylrechtsabbau-den-rechten-das-wasser-abgraben-sie-irren-sich","status":"publish","type":"post","link":"https:\/\/bgr-ab-mil.de\/?p=1006","title":{"rendered":"9.11.24: Mit Asylrechtsabbau den Rechten das Wasser abgraben? &#8211; &#8222;Sie irren sich!&#8220;"},"content":{"rendered":"\n<p>Auszug aus dem Redebeitrag von Frank Sommer:<\/p>\n\n\n\n<p>&#8222;Es waren die Erfahrungen der rassischen und politischen Verfolgung in der Zeit des Nationalsozialismus, die die V\u00e4ter und M\u00fctter des Grundgesetzes dazu veranlassten, ein so weitreichendes Asylrecht in der Verfassung zu verankern. [&#8230;] Heute erleben wir, wie das Menschenrecht auf Asyl von der Bundesregierung,&nbsp; den sie tragenden Parteien und der CDU\/CSU St\u00fcck f\u00fcr St\u00fcck abgebaut und eingeschr\u00e4nkt wird. Im Stakkato von immer neuen Forderungen nach h\u00e4rtern Asylregeln werden die gefl\u00fcchteten Menschen als Taugenichtse, Messerstecher und Vergewaltiger diffamiert und d\u00e4monisiert.<br>Diese Politiker glauben, durch das \u00dcbernehmen der Forderungen und der Rhetorik der extremen Rechten k\u00f6nnten sie dieser das Wasser abgraben.<br>Sie irren sich!<br>Das Gegenteil ist der Fall!&#8220;<\/p>\n\n\n\n<p>Der ganze Redebeitrag <a href=\"http:\/\/bgr-ab-mil.de\/wp-content\/uploads\/2024\/11\/BgR-2024Nov9-Rebebeitrag-Frank-Sommer.pdf\" target=\"_blank\" rel=\"noreferrer noopener\"><strong>hier<\/strong><\/a>. Redebeitrag und Begr\u00fc\u00dfung von Marion Sch\u00e4dlich <a href=\"http:\/\/bgr-ab-mil.de\/wp-content\/uploads\/2024\/11\/BgR-2024Nov9-Begruessung.pdf\" target=\"_blank\" rel=\"noreferrer noopener\"><strong>hier<\/strong><\/a>.<\/p>\n\n\n\n<p>Nach der Kundgebung an der Gedenktafel f\u00fcr die Opfer des Faschismus &#8222;hinter der Sandkirche&#8220; zogen die Teilnehmer*innen durch die Innenstadt in die Steingasse zum Geburtshaus des Antifaschischten, Kommunisten und Juden <a href=\"https:\/\/bgr-ab-mil.de\/?page_id=152\">Peter Gingold<\/a>, wo ihnen Reinhard Frankls <a href=\"http:\/\/bgr-ab-mil.de\/wp-content\/uploads\/2024\/11\/PG-Ausschnitte-nov9-24-plus-ballade.mp3\" target=\"_blank\" rel=\"noreferrer noopener\">&#8222;Pierre \u00e9ternel \u2013 Die Ballade von den sechs Sinnen&#8220; &#8211; eingerahmt in mahnende O-T\u00f6ne von Peter<\/a> &#8211; zu Geh\u00f6r gebracht wurde.<\/p>\n\n\n\n<p>vgl.: <a href=\"https:\/\/www.main-echo.de\/region\/stadt-kreis-aschaffenburg\/rekordbeteiligung-bei-pogromgedenken-in-aschaffenburg-art-8395977\" target=\"_blank\" rel=\"noreferrer noopener\">MAIN-ECHO online v. 10.11.2024<\/a> (nur Bild und Teaser, dann Bezahlschranke)<\/p>\n","protected":false},"excerpt":{"rendered":"<p>Auszug aus dem Redebeitrag von Frank Sommer: &#8222;Es waren die Erfahrungen der rassischen und politischen Verfolgung in der Zeit des Nationalsozialismus, die die V\u00e4ter und M\u00fctter des Grundgesetzes dazu veranlassten, ein so weitreichendes Asylrecht in der Verfassung zu verankern. [&#8230;] Heute erleben wir, wie das Menschenrecht auf Asyl von der Bundesregierung,&nbsp; den sie tragenden Parteien<\/p><\/div>\n<div class=\"blog-btn\"><a href=\"https:\/\/bgr-ab-mil.de\/?p=1006\" class=\"home-blog-btn\">Weiterlesen<\/a><\/p>\n","protected":false},"author":1,"featured_media":1003,"comment_status":"closed","ping_status":"closed","sticky":false,"template":"","format":"standard","meta":{"footnotes":""},"categories":[32],"tags":[25,27,45],"class_list":["post-1006","post","type-post","status-publish","format-standard","has-post-thumbnail","hentry","category-bericht","tag-9-november","tag-afd","tag-asylrecht"],"_links":{"self":[{"href":"https:\/\/bgr-ab-mil.de\/index.php?rest_route=\/wp\/v2\/posts\/1006","targetHints":{"allow":["GET"]}}],"collection":[{"href":"https:\/\/bgr-ab-mil.de\/index.php?rest_route=\/wp\/v2\/posts"}],"about":[{"href":"https:\/\/bgr-ab-mil.de\/index.php?rest_route=\/wp\/v2\/types\/post"}],"author":[{"embeddable":true,"href":"https:\/\/bgr-ab-mil.de\/index.php?rest_route=\/wp\/v2\/users\/1"}],"replies":[{"embeddable":true,"href":"https:\/\/bgr-ab-mil.de\/index.php?rest_route=%2Fwp%2Fv2%2Fcomments&post=1006"}],"version-history":[{"count":12,"href":"https:\/\/bgr-ab-mil.de\/index.php?rest_route=\/wp\/v2\/posts\/1006\/revisions"}],"predecessor-version":[{"id":1021,"href":"https:\/\/bgr-ab-mil.de\/index.php?rest_route=\/wp\/v2\/posts\/1006\/revisions\/1021"}],"wp:featuredmedia":[{"embeddable":true,"href":"https:\/\/bgr-ab-mil.de\/index.php?rest_route=\/wp\/v2\/media\/1003"}],"wp:attachment":[{"href":"https:\/\/bgr-ab-mil.de\/index.php?rest_route=%2Fwp%2Fv2%2Fmedia&parent=1006"}],"wp:term":[{"taxonomy":"category","embeddable":true,"href":"https:\/\/bgr-ab-mil.de\/index.php?rest_route=%2Fwp%2Fv2%2Fcategories&post=1006"},{"taxonomy":"post_tag","embeddable":true,"href":"https:\/\/bgr-ab-mil.de\/index.php?rest_route=%2Fwp%2Fv2%2Ftags&post=1006"}],"curies":[{"name":"wp","href":"https:\/\/api.w.org\/{rel}","templated":true}]}}