{"id":624,"date":"2021-09-10T21:39:42","date_gmt":"2021-09-10T20:39:42","guid":{"rendered":"http:\/\/bgr-ab-mil.de\/?p=624"},"modified":"2021-09-15T12:06:56","modified_gmt":"2021-09-15T11:06:56","slug":"kundgebung-nein-zur-afd","status":"publish","type":"post","link":"http:\/\/bgr-ab-mil.de\/?p=624","title":{"rendered":"Kundgebung: NEIN zur AfD!"},"content":{"rendered":"\n<p><strong>Klappern gegen Storch &amp; Co.<\/strong><\/p>\n\n\n\n<p>Die AfD hatte f\u00fcr Freitag, 10. September 2021 um 19.00 Uhr eine Wahlveranstaltung mit Beatrix v. Storch u. a. &#8222;Gr\u00f6\u00dfen&#8220;, inklusive des Lokal-Kandidaten auf dem Theaterplatz angek\u00fcndigt. Dazu wollte das BgR nicht still halten. Es hatte zu einer Vorbesprechung eingeladen und viele kamen, so dass eine Gegenkundgebung auf ziemlich breiter Basis der so genannten Zivilgesellschaft zustande kam:<\/p>\n\n\n\n<p><strong>Wir waren 300, sie nur 80. Immer noch 80 zu viel.<\/strong><\/p>\n\n\n\n<ul class=\"wp-block-gallery columns-3 is-cropped wp-block-gallery-1 is-layout-flex wp-block-gallery-is-layout-flex\"><li class=\"blocks-gallery-item\"><figure><img loading=\"lazy\" decoding=\"async\" width=\"960\" height=\"540\" src=\"http:\/\/bgr-ab-mil.de\/wp-content\/uploads\/2021\/09\/20210910_1.jpg\" alt=\"\" data-id=\"635\" data-link=\"http:\/\/bgr-ab-mil.de\/?attachment_id=635\" class=\"wp-image-635\" srcset=\"http:\/\/bgr-ab-mil.de\/wp-content\/uploads\/2021\/09\/20210910_1.jpg 960w, http:\/\/bgr-ab-mil.de\/wp-content\/uploads\/2021\/09\/20210910_1-300x169.jpg 300w, http:\/\/bgr-ab-mil.de\/wp-content\/uploads\/2021\/09\/20210910_1-768x432.jpg 768w\" sizes=\"auto, (max-width: 960px) 100vw, 960px\" \/><\/figure><\/li><li class=\"blocks-gallery-item\"><figure><img loading=\"lazy\" decoding=\"async\" width=\"960\" height=\"540\" src=\"http:\/\/bgr-ab-mil.de\/wp-content\/uploads\/2021\/09\/20210910_2.jpg\" alt=\"\" data-id=\"636\" data-link=\"http:\/\/bgr-ab-mil.de\/?attachment_id=636\" class=\"wp-image-636\" srcset=\"http:\/\/bgr-ab-mil.de\/wp-content\/uploads\/2021\/09\/20210910_2.jpg 960w, http:\/\/bgr-ab-mil.de\/wp-content\/uploads\/2021\/09\/20210910_2-300x169.jpg 300w, http:\/\/bgr-ab-mil.de\/wp-content\/uploads\/2021\/09\/20210910_2-768x432.jpg 768w\" sizes=\"auto, (max-width: 960px) 100vw, 960px\" \/><\/figure><\/li><li class=\"blocks-gallery-item\"><figure><img loading=\"lazy\" decoding=\"async\" width=\"960\" height=\"540\" src=\"http:\/\/bgr-ab-mil.de\/wp-content\/uploads\/2021\/09\/20210910_5.jpg\" alt=\"\" data-id=\"637\" data-link=\"http:\/\/bgr-ab-mil.de\/?attachment_id=637\" class=\"wp-image-637\" srcset=\"http:\/\/bgr-ab-mil.de\/wp-content\/uploads\/2021\/09\/20210910_5.jpg 960w, http:\/\/bgr-ab-mil.de\/wp-content\/uploads\/2021\/09\/20210910_5-300x169.jpg 300w, http:\/\/bgr-ab-mil.de\/wp-content\/uploads\/2021\/09\/20210910_5-768x432.jpg 768w\" sizes=\"auto, (max-width: 960px) 100vw, 960px\" \/><\/figure><\/li><li class=\"blocks-gallery-item\"><figure><img loading=\"lazy\" decoding=\"async\" width=\"960\" height=\"540\" src=\"http:\/\/bgr-ab-mil.de\/wp-content\/uploads\/2021\/09\/20210910_4.jpg\" alt=\"\" data-id=\"638\" data-link=\"http:\/\/bgr-ab-mil.de\/?attachment_id=638\" class=\"wp-image-638\" srcset=\"http:\/\/bgr-ab-mil.de\/wp-content\/uploads\/2021\/09\/20210910_4.jpg 960w, http:\/\/bgr-ab-mil.de\/wp-content\/uploads\/2021\/09\/20210910_4-300x169.jpg 300w, http:\/\/bgr-ab-mil.de\/wp-content\/uploads\/2021\/09\/20210910_4-768x432.jpg 768w\" sizes=\"auto, (max-width: 960px) 100vw, 960px\" \/><\/figure><\/li><\/ul>\n\n\n\n<p>s. auch <a href=\"https:\/\/twitter.com\/AschaffenburgIL\" target=\"_blank\" rel=\"noreferrer noopener\" aria-label=\"https:\/\/twitter.com\/AschaffenburgIL (\u00f6ffnet in neuem Tab)\">https:\/\/twitter.com\/AschaffenburgIL<\/a> <\/p>\n\n\n\n<p>Zur Behauptung im <a rel=\"noreferrer noopener\" aria-label=\"Main-Echo-Artike (\u00f6ffnet in neuem Tab)\" href=\"https:\/\/www.main-echo.de\/regional\/stadt-kreis-aschaffenburg\/viel-laerm-um-beatrix-von-storch-art-7374095\" target=\"_blank\">Main-Echo-Artike<\/a>l, Recht h\u00e4tte &#8222;von Storch mit der Bemerkung, dass AfD-Anh\u00e4nger die vorangehende Gegenkundgebung auf dem Stiftsplatz &#8230; nicht gest\u00f6rt hatten&#8220;: Wer hier 1. nur formal und nicht inhaltlich argumentiert (welchen Grund gibt es, eine antifaschistische Kundgebung zu st\u00f6ren?) und 2. einerseits die Forderung &#8222;Kein Fu\u00dfbreit den Faschisten&#8220; hervorhebt &#8211; andererseits eine inzwischen landes\u00fcbliche St\u00f6rung kritisiert, wie ehrlich ist das denn?  <\/p>\n\n\n\n<p>Von wegen, wir k\u00f6nnten &#8222;nichts anderes als Krach machen&#8220; (Storch) &#8211; hier zwei der Redebeitr\u00e4ge:<\/p>\n\n\n\n<!--more-->\n\n\n\n<p>R. Frankl   f\u00fcr das BgR und f\u00fcr attac<\/p>\n\n\n\n<p>&lt;<a href=\"http:\/\/bgr-ab-mil.de\/wp-content\/uploads\/2021\/09\/gemuetlicher-faschismus.mp3\" target=\"_blank\" rel=\"noreferrer noopener\" aria-label=\" (\u00f6ffnet in neuem Tab)\">Lied: Gem\u00fctlicher Faschismus, W. Biermann<\/a>&gt;<\/p>\n\n\n\n<figure class=\"wp-block-image\"><img loading=\"lazy\" decoding=\"async\" width=\"1024\" height=\"683\" src=\"http:\/\/bgr-ab-mil.de\/wp-content\/uploads\/2021\/09\/696_6674_buendnis-1024x683.jpg\" alt=\"\" class=\"wp-image-644\" srcset=\"http:\/\/bgr-ab-mil.de\/wp-content\/uploads\/2021\/09\/696_6674_buendnis-1024x683.jpg 1024w, http:\/\/bgr-ab-mil.de\/wp-content\/uploads\/2021\/09\/696_6674_buendnis-300x200.jpg 300w, http:\/\/bgr-ab-mil.de\/wp-content\/uploads\/2021\/09\/696_6674_buendnis-768x512.jpg 768w, http:\/\/bgr-ab-mil.de\/wp-content\/uploads\/2021\/09\/696_6674_buendnis.jpg 1500w\" sizes=\"auto, (max-width: 1024px) 100vw, 1024px\" \/><figcaption>Foto: Hartmut Kreutz,  <a href=\"https:\/\/www.h-kreutz.de\/de\/\">www.h-kreutz.de\/de\/<\/a>  <\/figcaption><\/figure>\n\n\n\n<p>Wohlgemerkt:\ndie Rede ist vom \u201et\u00e4glichen kleinen Faschismus\u201c. Nicht zu\nverwechseln mit viralen \u00dcbertreibungen, Deutschland w\u00e4re heute eine\nfaschistische Diktatur. \n<\/p>\n\n\n\n<p>Dort\ndr\u00fcben aber versammeln sich Anh\u00e4nger- und  RednerInnen einer\nPartei, die offen faschistische Kr\u00e4fte in ihren Reihen duldet, die\nkeine Probleme damit hat, wenn ihre Spitzenkandidatin zum\nSchusswaffengebrauch an den Grenzen sogar gegen Frauen und Kinder\naufruft. Eine solche Menschenverachtung sieht f\u00fcr mich \u00fcberhaupt\nnicht mehr urgem\u00fctlich aus.<\/p>\n\n\n\n<p>Nun\nmag der eine oder die andere einwenden: aber hie und da hat doch die\nAfD recht. Ja, kann ich nur sagen, hie und da hatte die NSDAP\nvielleicht auch recht. Die Stammtischhoheit, geschweige denn\nMehrheiten, bekommt keine Partei, die nur offensichtlich Falsches\nverbreitet. Zur L\u00fcge reicht schon, einen Teil der Wahrheit weg zu\nlassen.<\/p>\n\n\n\n<p>Ja,\ndie AfD ist eine b\u00fcrgerliche Partei. Und ja, wer AfD w\u00e4hlt, w\u00e4hlt\nauch Nazis.<\/p>\n\n\n\n<p>Der\nName Franz-Josef-Strau\u00df stand in meiner politischen Sozialisation\nf\u00fcr die enge Verbindung des BRD-Staates mit der ewig gestrigen,\nbraunen Ideologie. Heute haben wir die AfD. F\u00fcr mich ein\nMusterbeispiel f\u00fcr die Verbindung von B\u00fcrgertum, Stammtisch und\nFaschismus. \n<\/p>\n\n\n\n<p>Zeichen\ndieser engen Verkn\u00fcpfung war schon immer die Tatsache, dass in der\nWeimarer Republik Monarchisten wie regierende Sozialdemokraten\nFaschisten gegen die Arbeiterbewegung zu Hilfe holten, dass Nazis\nauch nach \u00b445 ihre Netzwerke in der BRD erhalten konnten. Es\n\u00fcberrascht nicht, dass gerade in Juristition, Armee und Polizei\nbraune Netzwerke gekn\u00fcpft wurden. Verfassungsschutz? &#8211; Ich glaube,\ndar\u00fcber m\u00fcssen wir nicht mehr reden.<\/p>\n\n\n\n<p>Deshalb\ndarf es auch nicht wundern, dass dort dr\u00fcben ein biederer Beamter\nspricht, Hundef\u00fchrer bei der Polizei. Nach alledem, was wir \u00fcber\nHalle, Hanau und die chat-Gruppen in der hessischen Polizei erfahren\nmussten, fordert Baumann auf seinem Wahlplakat \u201eendlich\nT\u00e4ter-Opfer-Umkehr\u201c. Geht Brandstiftung noch deutlicher?<\/p>\n\n\n\n<p>Das\nglobale Kapital hat sich seit den 80er Jahren dem Neoliberalismus\nverschrieben. Die AfD hat seit ihrer Gr\u00fcndung Grunds\u00e4tze des\nNeoliberalismus in ihrem Programm. Ihr Wirtschaftsprogramm ist mit\ndem der INSM nahezu identisch. H\u00f6rt auf mit dem Gerede von der\nPartei der kleinen Leute! Die AfD l\u00e4sst sich eben auch beraten von\nG\u00f6tz Kubitschek mit seinem Institut f\u00fcr Staatspolitik. Was f\u00fcr ein\nhochtrabender Name f\u00fcr ein Zentrum der versammelten rechten Elite in\nEuropa! Neoliberalismus und Nazis sind kein Widerspruch \u2013 im\nGegenteil!<\/p>\n\n\n\n<p>Wer\nAfD w\u00e4hlt, w\u00e4hlt auch Nazis! \n<\/p>\n\n\n\n<p>Wir vom B\u00fcndnis gegen Rechts und von Attac haben uns seit 2015\/16 daf\u00fcr eingesetzt, dass diese Partei weder Stimme noch Podium bekommt.  <br>Wir wurden von Polizei und Presse immer wieder belehrt, dass eine Demokratie solche Parteien aushalten m\u00fcsse.  <\/p>\n\n\n\n<p>Ich sage: \u201eI\u2018m not convinced.\u201c  <br>Heute haben wir den Salat, mittendrin die Storch.<br>Und wir m\u00fcssen damit umgehen. Also gehen wir damit um!  <br>Werben wir laut f\u00fcr das NEIN zur AfD!<br>Klappern wir gegen Storch &amp; Co.!<\/p>\n\n\n\n<hr class=\"wp-block-separator\"\/>\n\n\n\n<p>J. Zahn f\u00fcr die Kommunale Initiative (KI)<\/p>\n\n\n\n<p>Wir dulden keine menschenverachtende Hetze!<br>Wir dulden keine faschistischen Parolen! <\/p>\n\n\n\n<p><strong>Liebe Mitb\u00fcrger, Demokraten, Freunde!<\/strong><\/p>\n\n\n\n<p>Wir haben uns hier versammelt, weil wir f\u00fcr die Werte unserer Verfassung einstehen!<br>F\u00fcr die Freiheit und die Achtung der W\u00fcrde des Menschen!<br><strong>E i n e s  j e d e n<\/strong>    Menschen, gleich welcher Abstammung oder Herkunft! <\/p>\n\n\n\n<p>Mein\nName ist J\u00fcrgen Zahn. Als Stadtrat der Kommunalen Initiative erlebe\nich in den Sitzungen des Kommunal-parlamentes hautnah, wie sich die\nVertreter der rechtsextremen AfD als harmlose Biederm\u00e4nner zu tarnen\nversuchen, damit man die politischen Brandstifter dahinter nicht\nerkennt. \n<\/p>\n\n\n\n<p>Beispiel\nBusfahrer Falko Keller, Stadtrat der AfD. Gro\u00dfm\u00e4ulig auf Facebook,\neher harmlos im Stadtrat. Einmal lie\u00df er jedoch auch hier seine\nBiedermann-Maske fallen. Im Nov 20, Thema Moria-Spenden-Aktion im\nStadtrat. Falko Keller wandte sich massiv gegen die Hilfsaktion.\nFl\u00fcchtlinge, setzte er pauschal mit Gewaltt\u00e4tern gleich!<\/p>\n\n\n\n<p>Oder\nBeleidigungen! Die KI Stadtr\u00e4te hat er in einer Mail als\n\u201eVollkoffer\u201c bezeichnet. Daf\u00fcr wurde er vor Gericht verurteilt.\nAuch zum privaten Umfeld l\u00e4sst sich einiges sagen: In Obernburg hat\ner die Kneipe &#8222;Stopschild&#8220; betrieben. Dort hat er\nOnkelz-Abende veranstaltet, die Kneipe war Treffpunkt f\u00fcr Nazis aus\nder Region und er war Mitveranstalter von Nazikonzerten im Raum MIL.<\/p>\n\n\n\n<p>Eine\ndieser Brandstifter aus Berlin \u2013 Frau von Storch &#8211; haben sie heute\neingeladen, damit sie nachher auf dem Theaterplatz in gewohnter\nhetzerischer Manier den Mund aufrei\u00dfen kann!<\/p>\n\n\n\n<p>Damit\nist endg\u00fcltig klar: <strong>Auch\ndie Aschaffenburger AfD ist aktiver Teil dieser, unsere Demokratie\nbek\u00e4mpfenden   Organisation!  <\/strong>\n<\/p>\n\n\n\n<p>Einer\nihrer Funktion\u00e4re im hiesigen Raum, Herr Junker, wollte unl\u00e4ngst\nwissen, ob er \u201eetwas\nverpasst\u201d habe, da ihm keine menschenfeindlichen und die Demokratie\nverachtenden \u00c4u\u00dferungen von AfD-Politikern bekannt seien. Da\nscheint der Herr Junker in der Tat so einiges verpasst zu haben!\nZum&nbsp;Beispiel die zahllosen Beleidigungen und Diffamierungen\ngegen Andersdenkende seitens des Faschisten Bj\u00f6rn H\u00f6cke, seines\nZeichens Sprecher der AfD in Th\u00fcringen! \n<\/p>\n\n\n\n<p>\nOder\ndie uns\u00e4gliche Gleichsetzung der Verbrechen des Nationalsozialismus\nmit einem \u201cFliegenschiss\u201d durch den&nbsp;&nbsp; AfD-Chef Gauland.<\/p>\n\n\n\n<p>\nOder\nden Vorschlag der Frau Storch, die deutsche Polizei solle zur\nVerteidigung der Grenzen auf Fl\u00fcchtlinge, auf M\u00e4nner, Frauen und\nKinder schie\u00dfen!<\/p>\n\n\n\n<p>Mit\ndem Auftritt dieser Frau in unserer Stadt hat sich die AfD in\nAschaffenburg und im Kreis selbst die Tarnmaske vom Gesicht gerissen!\n Jetzt ist Schluss mit dem Unschulds-Getue, die hiesige AfD habe mit\nden Entgleisungen ihrer F\u00fchrungs-Etage nichts zu tun!<\/p>\n\n\n\n<p>Liebe\nMitb\u00fcrger! Liebe Freunde!<\/p>\n\n\n\n<p>Die\nDemokratie braucht nicht nur Freunde, sie braucht wehrhafte Freunde\u201c!\nDas wissen wir vor dem Hintergrund der deutschen Geschichte nur allzu\ngut! Deshalb rufe ich zur Wachsamkeit auf! &lt;Pause&gt;<\/p>\n\n\n\n<p>Wer\nheute in der Demokratie schl\u00e4ft, kann morgen in der Diktatur\naufwachen!<\/p>\n","protected":false},"excerpt":{"rendered":"<p>Klappern gegen Storch &amp; Co. Die AfD hatte f\u00fcr Freitag, 10. September 2021 um 19.00 Uhr eine Wahlveranstaltung mit Beatrix v. Storch u. a. &#8222;Gr\u00f6\u00dfen&#8220;, inklusive des Lokal-Kandidaten auf dem Theaterplatz angek\u00fcndigt. Dazu wollte das BgR nicht still halten. Es hatte zu einer Vorbesprechung eingeladen und viele kamen, so dass eine Gegenkundgebung auf ziemlich breiter<\/p><\/div>\n<div class=\"blog-btn\"><a href=\"http:\/\/bgr-ab-mil.de\/?p=624\" class=\"home-blog-btn\">Weiterlesen<\/a><\/p>\n","protected":false},"author":1,"featured_media":626,"comment_status":"closed","ping_status":"closed","sticky":false,"template":"","format":"standard","meta":{"footnotes":""},"categories":[32],"tags":[27],"class_list":["post-624","post","type-post","status-publish","format-standard","has-post-thumbnail","hentry","category-bericht","tag-afd"],"_links":{"self":[{"href":"http:\/\/bgr-ab-mil.de\/index.php?rest_route=\/wp\/v2\/posts\/624","targetHints":{"allow":["GET"]}}],"collection":[{"href":"http:\/\/bgr-ab-mil.de\/index.php?rest_route=\/wp\/v2\/posts"}],"about":[{"href":"http:\/\/bgr-ab-mil.de\/index.php?rest_route=\/wp\/v2\/types\/post"}],"author":[{"embeddable":true,"href":"http:\/\/bgr-ab-mil.de\/index.php?rest_route=\/wp\/v2\/users\/1"}],"replies":[{"embeddable":true,"href":"http:\/\/bgr-ab-mil.de\/index.php?rest_route=%2Fwp%2Fv2%2Fcomments&post=624"}],"version-history":[{"count":18,"href":"http:\/\/bgr-ab-mil.de\/index.php?rest_route=\/wp\/v2\/posts\/624\/revisions"}],"predecessor-version":[{"id":659,"href":"http:\/\/bgr-ab-mil.de\/index.php?rest_route=\/wp\/v2\/posts\/624\/revisions\/659"}],"wp:featuredmedia":[{"embeddable":true,"href":"http:\/\/bgr-ab-mil.de\/index.php?rest_route=\/wp\/v2\/media\/626"}],"wp:attachment":[{"href":"http:\/\/bgr-ab-mil.de\/index.php?rest_route=%2Fwp%2Fv2%2Fmedia&parent=624"}],"wp:term":[{"taxonomy":"category","embeddable":true,"href":"http:\/\/bgr-ab-mil.de\/index.php?rest_route=%2Fwp%2Fv2%2Fcategories&post=624"},{"taxonomy":"post_tag","embeddable":true,"href":"http:\/\/bgr-ab-mil.de\/index.php?rest_route=%2Fwp%2Fv2%2Ftags&post=624"}],"curies":[{"name":"wp","href":"https:\/\/api.w.org\/{rel}","templated":true}]}}