{"id":572,"date":"2020-11-12T17:59:45","date_gmt":"2020-11-12T16:59:45","guid":{"rendered":"http:\/\/bgr-ab-mil.de\/?p=572"},"modified":"2020-11-13T19:24:43","modified_gmt":"2020-11-13T18:24:43","slug":"9-11-gedenkweg-durch-vor-und-nachgeschichte-des-pogroms","status":"publish","type":"post","link":"http:\/\/bgr-ab-mil.de\/?p=572","title":{"rendered":"9.11. &#8211; Gedenkweg durch Vor- und Nachgeschichte des Pogroms"},"content":{"rendered":"\n<h5 class=\"wp-block-heading\">Rund 100 Teilnehmer*innen zogen durch die Innenstadt &#8211; Redebeitr\u00e4ge und Lieder an vier Stationen &#8211; Neue Gedenktafel f\u00fcr Peter Gingold<\/h5>\n\n\n\n<p>F\u00fcr den 9. November 2020 hatte das B\u00fcndnis gegen Rechts zusammen mit Attac Aschaffenburg-Miltenberg, der Kommunalen Initiative (KI), der Initiative &#8222;Stolpersteine&#8220;, der Interventionistischen Linken (IL) und der Partei DIE LINKE zu einem&nbsp;Gedenkweg entlang von Stationen, die mit der Vor- und Nachgeschichte des Novemberpogroms 1938 verbunden sind, eingeladen. <\/p>\n\n\n\n<!--more-->\n\n\n\n<p>Mit einem <a rel=\"noreferrer noopener\" aria-label=\"Lied von Kurt Eisner (\u00f6ffnet in neuem Tab)\" href=\"https:\/\/www.attac-aschaffenburg.de\/fileadmin\/user_upload\/Gruppen\/Aschaffenburg\/songs\/wir_werben_im_sterben_nov9.mp3\" target=\"_blank\"><strong>Lied von Kurt Eisner<\/strong><\/a><strong> <\/strong>&#8211; geschrieben zur ersten bayerischen Revolutionsfeier &#8211;  und einem <a rel=\"noreferrer noopener\" aria-label=\"Redebeitrag zu den November-Ereignissen 1918 (\u00f6ffnet in neuem Tab)\" href=\"http:\/\/bgr-ab-mil.de\/wp-content\/uploads\/2020\/11\/nov9_2020_redebeitrag_JB_KI_VVN-BDA.pdf\" target=\"_blank\"><strong>Redebeitrag zu den November-Ereignissen 1918<\/strong><\/a> er\u00f6ffneten Reinhard Frankl (BgR, Attac) und Johannes B\u00fcttner (KI und VVN\/BDA)  am Kurt-Eisner-Platz (Herstallturm) den Abend.  <\/p>\n\n\n\n<p>Von da f\u00fchrte der Weg durch den Rossmarkt zur Gedenktafel f\u00fcr die Opfer des Faschismus \u201ehinter der Sandkirche\u201c.  Dort erinnerte Frankl mit dem Lied<strong> <\/strong><a rel=\"noreferrer noopener\" aria-label=\"&quot;Eimaste dio&quot; (M. Theodorakis) (\u00f6ffnet in neuem Tab)\" href=\"https:\/\/www.attac-aschaffenburg.de\/fileadmin\/user_upload\/Gruppen\/Aschaffenburg\/songs\/wir_sind_jetzt_zwei.mp3\" target=\"_blank\"><strong>&#8222;Eimaste dio&#8220; (M. Theodorakis)<\/strong><\/a>, das er ins Deutsche \u00fcbertragen hat, an die Kommunisten, Sozialdemokraten und j\u00fcdischen B\u00fcrger*innen, die hier ihre Haft verb\u00fc\u00dften bzw. ihren Abtransport in die KZs erwarteten.  <br><a rel=\"noreferrer noopener\" aria-label=\"Florian Hofmann (\u00f6ffnet in neuem Tab)\" href=\"http:\/\/bgr-ab-mil.de\/wp-content\/uploads\/2020\/11\/nov9_2020_redebeitrag_FH_LINKE.pdf\" target=\"_blank\"><strong>F<\/strong>l<strong>orian Hofmann<\/strong><\/a> von der LINKEN hob in seinem Redebeitrag die Bedeutung des Gedenkens f\u00fcr die Gegenwart, insbesondere die Wachsamkeit gegen\u00fcber aktuellen Rechtstendenzen hervor. <\/p>\n\n\n\n<p>Von hier aus zog die inzwischen auf nahezu hundert Personen angewachsene Versammlung durch die Innenstadt zum&nbsp;Geburtshaus von Peter Gingold in der Steingasse. Dort trug Frankl seine 2012 geschriebene <a rel=\"noreferrer noopener\" aria-label=\"&quot;Ballade von den sechs Sinnen&quot; (\u00f6ffnet in neuem Tab)\" href=\"https:\/\/www.attac-aschaffenburg.de\/fileadmin\/user_upload\/Gruppen\/Aschaffenburg\/songs\/pierre_eternel.mp3\" target=\"_blank\"><strong>&#8222;Ballade von den sechs Sinnen&#8220;<\/strong><\/a><strong> <\/strong>\u00fcber den Juden, Kommunisten und Widerstandsk\u00e4mpfer Peter Gingold vor (<a rel=\"noreferrer noopener\" aria-label=\"\u00fcber Peter Gingold s. auch unser Aufruf, 2. Seite (\u00f6ffnet in neuem Tab)\" href=\"http:\/\/bgr-ab-mil.de\/wp-content\/uploads\/2020\/10\/Flyer-Plakat_2020_Nov9_2.pdf\" target=\"_blank\">\u00fcber Peter Gingold s. auch unser Aufruf, 2. Seite<\/a>), w\u00e4hrend Johannes B\u00fcttner eine provisorische Gedenktafel am Hauseingang anbrachte. Die IL hielt hier einen <a rel=\"noreferrer noopener\" aria-label=\"Redebeitrag (\u00f6ffnet in neuem Tab)\" href=\"http:\/\/bgr-ab-mil.de\/wp-content\/uploads\/2020\/11\/nov9_2020_redebeitrag_IL.pdf\" target=\"_blank\"><strong>Redebeitrag<\/strong><\/a> zum Weiterleben von Antisemitismus, Rassismus und Nazi-Faschismus bis in unsere Tage und bezog sich dabei insbesondere auf Erscheinungen im Zusammenhang mit den &#8222;Querdenker&#8220;-Demonstrationen.<\/p>\n\n\n\n<p>Der letzte Wegabschnitt f\u00fchrte weiter zum Wolfsthalplatz, dem Standort der ehemaligen Synagoge. <a rel=\"noreferrer noopener\" aria-label=\"Peter Diekmann (Attac) erl\u00e4uterte (\u00f6ffnet in neuem Tab)\" href=\"http:\/\/bgr-ab-mil.de\/wp-content\/uploads\/2020\/11\/nov9_2020_redebeitrag_PD_attac.pdf\" target=\"_blank\"><strong>Peter Diekmann (Attac) erl\u00e4uterte<\/strong><\/a>, wie sich das Pogrom in der Nacht vom 9. auf den 10. November 1938 im Lande und in der Stadt zugetragen hatte. Er nannte dabei Ross und Reiter. <a rel=\"noreferrer noopener\" aria-label=\"Frank Sommer sprach f\u00fcr die Inititative &quot;Stolpersteine&quot;  (\u00f6ffnet in neuem Tab)\" href=\"http:\/\/bgr-ab-mil.de\/wp-content\/uploads\/2020\/11\/nov9_2020_redebeitrag_FS_stolpersteine.pdf\" target=\"_blank\"><strong>Frank Sommer sprach f\u00fcr die Inititative &#8222;Stolpersteine&#8220; <\/strong><\/a>\u00fcber die Tatsache, dass ehemalige Nationalsozialisten im Justiz- und Verwaltungsapparat der Bu8ndesrepublik nahezu ungebrochen ihre T\u00e4tigkeit aus\u00fcbten und z. B. daf\u00fcr sorgten, dass ein Gro\u00dfteil der Untaten von Nazis bald verj\u00e4hrten. Auch diese Redebeitr\u00e4ge wurden von Reinhard Frankl umrahmt mit zwei Liedern:<strong> <\/strong><a rel=\"noreferrer noopener\" aria-label=\"&quot;O Antonis&quot; (M. Theodorakis) (\u00f6ffnet in neuem Tab)\" href=\"https:\/\/www.attac-aschaffenburg.de\/fileadmin\/user_upload\/Gruppen\/Aschaffenburg\/songs\/O_Andonis.mp3\" target=\"_blank\"><strong>&#8222;O Antonis&#8220; (M. Theodorakis)<\/strong><\/a> und<strong> <\/strong><a rel=\"noreferrer noopener\" aria-label=\"&quot;Mir lebn ejbig&quot; (Lejb Rosenthal) (\u00f6ffnet in neuem Tab)\" href=\"https:\/\/www.attac-aschaffenburg.de\/fileadmin\/user_upload\/Gruppen\/Aschaffenburg\/songs\/mir-leben-ejbig.mp3\" target=\"_blank\"><strong>&#8222;Mir lebn ejbig&#8220; (Lejb Rosenthal)<\/strong><\/a><strong>. <\/strong><\/p>\n\n\n\n<p>Bericht des MAIN-ECHO (hinter Bezahlschranke): <a rel=\"noreferrer noopener\" aria-label=\"https:\/\/www.main-echo.de\/regional\/stadt-kreis-aschaffenburg\/bei-gedenkmarsch-in-aschaffenburg-der-opfer-des-faschismus-gedacht-art-7163990 (\u00f6ffnet in neuem Tab)\" href=\"https:\/\/www.main-echo.de\/regional\/stadt-kreis-aschaffenburg\/bei-gedenkmarsch-in-aschaffenburg-der-opfer-des-faschismus-gedacht-art-7163990\" target=\"_blank\">https:\/\/www.main-echo.de\/regional\/stadt-kreis-aschaffenburg\/bei-gedenkmarsch-in-aschaffenburg-der-opfer-des-faschismus-gedacht-art-7163990<\/a><\/p>\n\n\n\n<ul class=\"wp-block-gallery columns-3 is-cropped wp-block-gallery-1 is-layout-flex wp-block-gallery-is-layout-flex\"><li class=\"blocks-gallery-item\"><figure><img loading=\"lazy\" decoding=\"async\" width=\"1024\" height=\"652\" src=\"http:\/\/bgr-ab-mil.de\/wp-content\/uploads\/2020\/11\/sandkirche-1-1024x652.jpg\" alt=\"\" data-id=\"588\" data-link=\"http:\/\/bgr-ab-mil.de\/?attachment_id=588\" class=\"wp-image-588\" srcset=\"http:\/\/bgr-ab-mil.de\/wp-content\/uploads\/2020\/11\/sandkirche-1-1024x652.jpg 1024w, http:\/\/bgr-ab-mil.de\/wp-content\/uploads\/2020\/11\/sandkirche-1-300x191.jpg 300w, http:\/\/bgr-ab-mil.de\/wp-content\/uploads\/2020\/11\/sandkirche-1-768x489.jpg 768w, http:\/\/bgr-ab-mil.de\/wp-content\/uploads\/2020\/11\/sandkirche-1.jpg 1193w\" sizes=\"auto, (max-width: 1024px) 100vw, 1024px\" \/><figcaption>&#8222;Hinter der Sandkirche&#8220;<\/figcaption><\/figure><\/li><li class=\"blocks-gallery-item\"><figure><img loading=\"lazy\" decoding=\"async\" width=\"1024\" height=\"601\" src=\"http:\/\/bgr-ab-mil.de\/wp-content\/uploads\/2020\/11\/sandkirche2-1024x601.jpg\" alt=\"\" data-id=\"589\" data-link=\"http:\/\/bgr-ab-mil.de\/?attachment_id=589\" class=\"wp-image-589\" srcset=\"http:\/\/bgr-ab-mil.de\/wp-content\/uploads\/2020\/11\/sandkirche2-1024x601.jpg 1024w, http:\/\/bgr-ab-mil.de\/wp-content\/uploads\/2020\/11\/sandkirche2-300x176.jpg 300w, http:\/\/bgr-ab-mil.de\/wp-content\/uploads\/2020\/11\/sandkirche2-768x451.jpg 768w, http:\/\/bgr-ab-mil.de\/wp-content\/uploads\/2020\/11\/sandkirche2.jpg 1522w\" sizes=\"auto, (max-width: 1024px) 100vw, 1024px\" \/><figcaption>&#8222;Hinter der Sandkirche&#8220;<\/figcaption><\/figure><\/li><li class=\"blocks-gallery-item\"><figure><img loading=\"lazy\" decoding=\"async\" width=\"853\" height=\"1024\" src=\"http:\/\/bgr-ab-mil.de\/wp-content\/uploads\/2020\/11\/steingasse27_rf-853x1024.jpg\" alt=\"\" data-id=\"590\" data-link=\"http:\/\/bgr-ab-mil.de\/?attachment_id=590\" class=\"wp-image-590\" srcset=\"http:\/\/bgr-ab-mil.de\/wp-content\/uploads\/2020\/11\/steingasse27_rf-853x1024.jpg 853w, http:\/\/bgr-ab-mil.de\/wp-content\/uploads\/2020\/11\/steingasse27_rf-250x300.jpg 250w, http:\/\/bgr-ab-mil.de\/wp-content\/uploads\/2020\/11\/steingasse27_rf-768x922.jpg 768w, http:\/\/bgr-ab-mil.de\/wp-content\/uploads\/2020\/11\/steingasse27_rf.jpg 1077w\" sizes=\"auto, (max-width: 853px) 100vw, 853px\" \/><figcaption>Steingasse 27<\/figcaption><\/figure><\/li><li class=\"blocks-gallery-item\"><figure><img loading=\"lazy\" decoding=\"async\" width=\"1024\" height=\"768\" src=\"http:\/\/bgr-ab-mil.de\/wp-content\/uploads\/2020\/11\/IMG_8150-1024x768.jpg\" alt=\"\" data-id=\"593\" data-link=\"http:\/\/bgr-ab-mil.de\/?attachment_id=593\" class=\"wp-image-593\" srcset=\"http:\/\/bgr-ab-mil.de\/wp-content\/uploads\/2020\/11\/IMG_8150-1024x768.jpg 1024w, http:\/\/bgr-ab-mil.de\/wp-content\/uploads\/2020\/11\/IMG_8150-300x225.jpg 300w, http:\/\/bgr-ab-mil.de\/wp-content\/uploads\/2020\/11\/IMG_8150-768x576.jpg 768w\" sizes=\"auto, (max-width: 1024px) 100vw, 1024px\" \/><figcaption>Kurt-Eisner-Platz<\/figcaption><\/figure><\/li><\/ul>\n","protected":false},"excerpt":{"rendered":"<p>Rund 100 Teilnehmer*innen zogen durch die Innenstadt &#8211; Redebeitr\u00e4ge und Lieder an vier Stationen &#8211; Neue Gedenktafel f\u00fcr Peter Gingold F\u00fcr den 9. November 2020 hatte das B\u00fcndnis gegen Rechts zusammen mit Attac Aschaffenburg-Miltenberg, der Kommunalen Initiative (KI), der Initiative &#8222;Stolpersteine&#8220;, der Interventionistischen Linken (IL) und der Partei DIE LINKE zu einem&nbsp;Gedenkweg entlang von Stationen,<\/p><\/div>\n<div class=\"blog-btn\"><a href=\"http:\/\/bgr-ab-mil.de\/?p=572\" class=\"home-blog-btn\">Weiterlesen<\/a><\/p>\n","protected":false},"author":1,"featured_media":591,"comment_status":"closed","ping_status":"closed","sticky":false,"template":"","format":"standard","meta":{"footnotes":""},"categories":[32],"tags":[25,31],"class_list":["post-572","post","type-post","status-publish","format-standard","has-post-thumbnail","hentry","category-bericht","tag-9-november","tag-antisemitismus"],"_links":{"self":[{"href":"http:\/\/bgr-ab-mil.de\/index.php?rest_route=\/wp\/v2\/posts\/572","targetHints":{"allow":["GET"]}}],"collection":[{"href":"http:\/\/bgr-ab-mil.de\/index.php?rest_route=\/wp\/v2\/posts"}],"about":[{"href":"http:\/\/bgr-ab-mil.de\/index.php?rest_route=\/wp\/v2\/types\/post"}],"author":[{"embeddable":true,"href":"http:\/\/bgr-ab-mil.de\/index.php?rest_route=\/wp\/v2\/users\/1"}],"replies":[{"embeddable":true,"href":"http:\/\/bgr-ab-mil.de\/index.php?rest_route=%2Fwp%2Fv2%2Fcomments&post=572"}],"version-history":[{"count":13,"href":"http:\/\/bgr-ab-mil.de\/index.php?rest_route=\/wp\/v2\/posts\/572\/revisions"}],"predecessor-version":[{"id":599,"href":"http:\/\/bgr-ab-mil.de\/index.php?rest_route=\/wp\/v2\/posts\/572\/revisions\/599"}],"wp:featuredmedia":[{"embeddable":true,"href":"http:\/\/bgr-ab-mil.de\/index.php?rest_route=\/wp\/v2\/media\/591"}],"wp:attachment":[{"href":"http:\/\/bgr-ab-mil.de\/index.php?rest_route=%2Fwp%2Fv2%2Fmedia&parent=572"}],"wp:term":[{"taxonomy":"category","embeddable":true,"href":"http:\/\/bgr-ab-mil.de\/index.php?rest_route=%2Fwp%2Fv2%2Fcategories&post=572"},{"taxonomy":"post_tag","embeddable":true,"href":"http:\/\/bgr-ab-mil.de\/index.php?rest_route=%2Fwp%2Fv2%2Ftags&post=572"}],"curies":[{"name":"wp","href":"https:\/\/api.w.org\/{rel}","templated":true}]}}