{"id":548,"date":"2020-03-07T23:49:33","date_gmt":"2020-03-07T22:49:33","guid":{"rendered":"http:\/\/bgr-ab-mil.de\/?p=548"},"modified":"2020-03-08T11:53:45","modified_gmt":"2020-03-08T10:53:45","slug":"erdogan-und-die-festung-europa-faschistoide-entgrenzung-und-extremismus-der-mitte","status":"publish","type":"post","link":"http:\/\/bgr-ab-mil.de\/?p=548","title":{"rendered":"Erdogan und die &#8222;Festung Europa&#8220;: faschistoide Entgrenzung und Extremismus der Mitte"},"content":{"rendered":"\n<p><strong>Redebeitrag f\u00fcr das BgR zur Seebr\u00fccke-Demo, R.F., Aschaffenburg 7. M\u00e4rz 2020<\/strong><\/p>\n\n\n\n<p>Das\nB\u00fcndnis gegen Rechts bedankt sich bei den OrganisatorInnen der\nheutigen Veranstaltung zu den uns\u00e4glichen Vorg\u00e4ngen am\ngriechisch-t\u00fcrkischen Abschnitt der EU- Au\u00dfengrenze. \n<\/p>\n\n\n\n<p>Unsere\nSorge gilt in erster Linie den Menschen auf der Flucht, aber auch\neiner erneuten Stimmungs\u00admache gegen Migranten und gegen eine\nkulturell vielf\u00e4ltige Gesellschaft. Das war doch nach 2015 der\nKatalysator f\u00fcr den parlamentarischen Triumphzug der AfD mit ihren\nFaschisten!<\/p>\n\n\n\n<p>Jetzt wird wieder die Europa verschlingende Fl\u00fcchtlings\u00adflutwelle an die Wand gemalt, mit der schon die ganze Zeit der schmutzige Erdogan-Deal begr\u00fcndet wurde. Was eine solche Projektion anrichten kann, sehen wir auf der Insel Les\u00adbos, wo Faschisten entsprechend aufgeheizt dem Bei\u00adspiel einer Push-Back-Polizei und Schlauch\u00adboot abstechenden Frontex-Soldaten nacheifern und auf Gefl\u00fcchtete einpr\u00fcgeln. Sogar Hilfsorga\u00adni\u00adsatio\u00adnen wurden t\u00e4tlich angegriffen, die dann die Insel ver\u00adlie\u00dfen. Zeitungen meldeten am gestrigen Freitag, dass auch deutsche Neonazis ange\u00adreist sind. Das l\u00e4sst bef\u00fcrchten, dass sie in Hetzjagden auf Gefl\u00fcch\u00adtete ihre niederen Gewalt-Triebe auf der v\u00f6llig \u00fcberforderten griechischen Insel Lesbos ungestraft ausleben k\u00f6nnen. Womit sie wohl nicht gerechnet haben, ist eine spontane Abreibung durch lokale Antifaschisten.<\/p>\n\n\n\n<!--more-->\n\n\n\n<p>Ich\nwei\u00df von meinen engen griechischen Freunden: Die Solidarit\u00e4t der\ngriechi\u00adschen Inselbewohner mit Gefl\u00fcch\u00adteten war und ist\ngro\u00df. Wie sie betonen, nicht erst seit 2015, sondern sp\u00e4testens\nseit Anfang der 90er Jahre, als viele Fl\u00fcchtende aus dem\nJu\u00adgo\u00adslawienkrieg auf den Inseln landeten. Nach 2015 hat\nsich die Lage auf Lesbos allerdings zugespitzt. In der Bev\u00f6lkerung\nhat sich eine gro\u00dfe Wut aufgestaut gegen den Auf\u00adbau von\ngeschlossenen La\u00adgern mit ihren menschenunw\u00fcrdigen\nVerh\u00e4lt\u00adnis\u00adsen, gegen die Ver\u00adsch\u00e4rfung der\nAsylpolitik und das Alleine-gelassen-werden von der Regie\u00adrung\nsowie gegen das drohende Platzen des EU-Deals mit Erdogan.\nWohlge\u00admerkt, mehrheitlich <strong>nicht<\/strong> gegen die Ge\u00adfl\u00fcch\u00adteten!\nAber genau diese ex\u00adplosive Situation ermuntert Faschisten zu\n\u00dcbergriffen, wie wir sie jetzt sehen mussten. Nach dem Mord an dem\nRapper und linken Aktivisten Pavlos Fyssas und der Verurteilung\netlicher Chrysi Avgi-Mitglieder hatten die grie\u00adchi\u00adschen\nNeo-Faschisten einen gewaltigen D\u00e4mpfer bekommen. Jetzt haben sie\nwieder Aufwind.<\/p>\n\n\n\n<p>Kurz\nnach dem Anschlag in Hanau brach allgemeine Einigkeit aus, der Feind\nstehe nun doch rechts. Dennoch wurde in den Heute-Nachrichten\ngefragt: &#8222;Ist Multi-Kulti gescheitert?&#8220; Mit einer solchen\nFrage bedient man weiterhin sowohl rechte Frames, als auch die\nSeehofersche M\u00e4r von der &#8222;Migration als Mutter aller Probleme&#8220;.\nDie Herrn und auch Damen, die nichts aus den rassistischen Pogromen\nw\u00e4hrend der Asyldebatte der 90iger Jahre, nichts aus der\nNSU-Mordserie gelernt haben, sitzen gleichzeitig in Talkshows und\nparlamentarischen Gedenk\u00adstunden und fressen jetzt so viel\nKreide, dass in den Schulen auch den letzten Kreidep\u00e4dagogen das Aus\ndroht. \n<\/p>\n\n\n\n<p>Und\ndiese Kreidefresser dealen jetzt weiter mit Erdogan. Da bekommt ein\nfaschis\u00adtoider Alleinherrscher und Kriegstreiber, dem V\u00f6lker-\nund Menschenrecht v\u00f6llig egal sind, von unseren sich selbst\nidealisierenden Demo\u00adkraten der Mitte Milliarden zugeschustert,\num Menschen, die vor Diktatoren und Krieg geflohen sind, in Lagern zu\nkonzentrieren. Das muss man sich im 75. Jubil\u00e4ums\u00adjahr nach der\nBefreiung von Auschwitz, Krieg und Faschismus einmal auf der\nHirnschale zergehen lassen!<\/p>\n\n\n\n<p>Wenn\nwir die Brandstifter von Halle und Hanau bei extrem rechten\nRas\u00adsisten wie pi-news im Netz,\nPegida &amp; Co. auf den Stra\u00dfen oder der AfD in den Parlamenten\nverorten, so\nunterliegen wir nicht dem verf\u00fch\u00adrerischen Reflex, sich eine\nrassismusfreie, aufgekl\u00e4rte Mitte vorzustellen. Und wir verleugnen\nnicht jene Seite der modernen, neoliberalen\nVerwer\u00adtungsge\u00adsell\u00adschaft, die die Menschen in ruin\u00f6se\nKonkurrenz jagt und die Aber-Millionen, die zur\u00fcck bleiben,\nverachtend ausgrenzt. \n<\/p>\n\n\n\n<p>Jene Damen und Herren der neoliberalen Mitte wollen uns weiterhin diese Verh\u00e4ltnisse mit ihrer extremen Ungleichheit, mit ihrem allt\u00e4glichen Rassismus, mit der Schaffung von immer neuen Fluchtursachen rund um den Globus auch noch als alternativlos verkaufen! Wenn ihr politisches Motto ist, \u201ees kommt drauf an, was hinten rauskommt\u201c, dann frage ich: Sind es nicht immer wieder ihre neoliberalen Exkremente, die den N\u00e4hrboden f\u00fcr Faschismus bilden? Was gibt es Extremeres als diese b\u00fcrgerliche Mitte?<\/p>\n\n\n\n<p>Erg\u00e4nzende bzw. weiterf\u00fchrende Links:<\/p>\n\n\n\n<pre class=\"wp-block-preformatted\"><a href=\"https:\/\/griechenlandsoli.com\/2020\/03\/07\/erfolgreiches-gefluchtetenhilfeprojekt-auf-lesbos-abgebrannt\/\">https:\/\/griechenlandsoli.com\/2020\/03\/07\/erfolgreiches-gefluchtetenhilfeprojekt-auf-lesbos-abgebrannt\/<\/a>\n\n<a href=\"https:\/\/griechenlandsoli.com\/2020\/03\/07\/deutsche-nazis-auf-lesbos-wir-werden-das-mit-euch-machen-was-wir-mit-euch-in-kalavrita-getan-haben\/\">https:\/\/griechenlandsoli.com\/2020\/03\/07\/deutsche-nazis-auf-lesbos-wir-werden-das-mit-euch-machen-was-wir-mit-euch-in-kalavrita-getan-haben\/<\/a>\n\n<a href=\"https:\/\/www.tagesspiegel.de\/politik\/deutsche-rechtsextremisten-auf-lesbos-krawalltouristen-wollen-mitmischen\/25619240.html\">https:\/\/www.tagesspiegel.de\/politik\/deutsche-rechtsextremisten-auf-lesbos-krawalltouristen-wollen-mitmischen\/25619240.html<\/a>\n\n<a href=\"https:\/\/www.belltower.news\/rechtsextremer-grenzschutz-auf-lesbos-ib-aktivist-mario-mueller-und-npd-mann-wollen-europa-verteidigen-96741\/\">https:\/\/www.belltower.news\/rechtsextremer-grenzschutz-auf-lesbos-ib-aktivist-mario-mueller-und-npd-mann-wollen-europa-verteidigen-96741\/<\/a>\n<\/pre>\n","protected":false},"excerpt":{"rendered":"<p>Redebeitrag f\u00fcr das BgR zur Seebr\u00fccke-Demo, R.F., Aschaffenburg 7. M\u00e4rz 2020 Das B\u00fcndnis gegen Rechts bedankt sich bei den OrganisatorInnen der heutigen Veranstaltung zu den uns\u00e4glichen Vorg\u00e4ngen am griechisch-t\u00fcrkischen Abschnitt der EU- Au\u00dfengrenze. Unsere Sorge gilt in erster Linie den Menschen auf der Flucht, aber auch einer erneuten Stimmungs\u00admache gegen Migranten und gegen eine kulturell<\/p><\/div>\n<div class=\"blog-btn\"><a href=\"http:\/\/bgr-ab-mil.de\/?p=548\" class=\"home-blog-btn\">Weiterlesen<\/a><\/p>\n","protected":false},"author":1,"featured_media":547,"comment_status":"closed","ping_status":"closed","sticky":false,"template":"","format":"standard","meta":{"footnotes":""},"categories":[3],"tags":[27,20,8,15,7],"class_list":["post-548","post","type-post","status-publish","format-standard","has-post-thumbnail","hentry","category-statement","tag-afd","tag-extremismus-theorie","tag-faschismus","tag-neo-nazis","tag-rassismus"],"_links":{"self":[{"href":"http:\/\/bgr-ab-mil.de\/index.php?rest_route=\/wp\/v2\/posts\/548","targetHints":{"allow":["GET"]}}],"collection":[{"href":"http:\/\/bgr-ab-mil.de\/index.php?rest_route=\/wp\/v2\/posts"}],"about":[{"href":"http:\/\/bgr-ab-mil.de\/index.php?rest_route=\/wp\/v2\/types\/post"}],"author":[{"embeddable":true,"href":"http:\/\/bgr-ab-mil.de\/index.php?rest_route=\/wp\/v2\/users\/1"}],"replies":[{"embeddable":true,"href":"http:\/\/bgr-ab-mil.de\/index.php?rest_route=%2Fwp%2Fv2%2Fcomments&post=548"}],"version-history":[{"count":4,"href":"http:\/\/bgr-ab-mil.de\/index.php?rest_route=\/wp\/v2\/posts\/548\/revisions"}],"predecessor-version":[{"id":552,"href":"http:\/\/bgr-ab-mil.de\/index.php?rest_route=\/wp\/v2\/posts\/548\/revisions\/552"}],"wp:featuredmedia":[{"embeddable":true,"href":"http:\/\/bgr-ab-mil.de\/index.php?rest_route=\/wp\/v2\/media\/547"}],"wp:attachment":[{"href":"http:\/\/bgr-ab-mil.de\/index.php?rest_route=%2Fwp%2Fv2%2Fmedia&parent=548"}],"wp:term":[{"taxonomy":"category","embeddable":true,"href":"http:\/\/bgr-ab-mil.de\/index.php?rest_route=%2Fwp%2Fv2%2Fcategories&post=548"},{"taxonomy":"post_tag","embeddable":true,"href":"http:\/\/bgr-ab-mil.de\/index.php?rest_route=%2Fwp%2Fv2%2Ftags&post=548"}],"curies":[{"name":"wp","href":"https:\/\/api.w.org\/{rel}","templated":true}]}}