{"id":536,"date":"2020-03-03T21:15:13","date_gmt":"2020-03-03T20:15:13","guid":{"rendered":"http:\/\/bgr-ab-mil.de\/?p=536"},"modified":"2020-03-04T16:17:30","modified_gmt":"2020-03-04T15:17:30","slug":"oeffentlicher-druck-auf-edeka-markt-wegen-afd-infostand-auf-firmenparkplatz","status":"publish","type":"post","link":"http:\/\/bgr-ab-mil.de\/?p=536","title":{"rendered":"AfD-Infostand auf EDEKA-Parkplatz muss \u00f6ffentlichem Druck weichen &#8211; uns\u00e4glicher Vergleich mit Judenboykott"},"content":{"rendered":"\n<p><a href=\"https:\/\/www.main-echo.de\/regional\/stadt-kreis-aschaffenburg\/Kommunalwahl-Keine-Wahlwerbung-fuer-AfD-mehr-vor-Mainaschaffer-Supermarkt;art3986,6975551\">https:\/\/www.main-echo.de\/regional\/stadt-kreis-aschaffenburg\/Kommunalwahl-Keine-Wahlwerbung-fuer-AfD-mehr-vor-Mainaschaffer-Supermarkt;art3986,6975551<\/a><\/p>\n\n\n\n<p><strong>Mit freundlicher Genehmigung des Autors ver\u00f6ffentlichen wir hier zwei Leserbriefe von Frank Sommer, Aschaffenburg:<\/strong><br>&#8222;Einen &#8218;Shitstorm&#8216; habe es gegen den EDEKA-Markt in Mainaschaff gegeben, ist in der \u00dcberschrift des &#8218;Main-Echo&#8216; vom 3. M\u00e4rz zu lesen. Der Grund: Der\u00a0 AfD sei die die Nutzung des Kundenparkplatzes f\u00fcr Propagandazwecke nicht untersagt worden. Der Duden definiert einen &#8218;Shistorm&#8216; als &#8218;Sturm der Entr\u00fcstung, &#8230; der zum Teil mit  beleidigenden \u00c4u\u00dferungen einhergeht&#8216;. Von Beleidigungen ist im\u00a0 &#8218;Main-Echo&#8216; freilich nichts zu lesen. Es habe &#8218;Kritik und Beschwerden gehagelt,&#8216; erf\u00e4hrt man dort lediglich.<br>Also kein Shitstorm. Vielmehr haben B\u00fcrger von ihrem demokratischen Recht Gebrauch gemacht, gegen rechte Popaganda zu protestieren. Das mit dem nationalsozialistischen Boykottaufruf von 1933 gegen j\u00fcdische Gesch\u00e4fte in Deutschland zu vergleichen, wie es sich der AfD-Funktion\u00e4r Junker im &#8218;Main-Echo&#8216; herausnehmen zu k\u00f6nnen glaubte, ist eine ma\u00dflose, dreiste Geschichtsklitterung und eine unertr\u00e4gliche Verh\u00f6hnung der Opfer der nationalsozialistischen Judenverfolgung und des Holocaust. Dieses Verhalten f\u00fcgt sich l\u00fcckenlos in das altbekannte Schema rechtsextremer Organisationen \u00e0 la AfD ein: Erst politisch Andersdenkende diffamieren und sich dann, wenn man damit auf Gegenwehr st\u00f6\u00dft, als unschuldig verfolgte Biederm\u00e4nner inszenieren.<br>Allen B\u00fcrgern, die sich offen und mutig gegen das dreiste Vorgehen der AfD in Mainaschaff engagiert haben, kann man nur Dank und Anerkennung aussprechen.&#8220;<\/p>\n\n\n\n<p><strong>Das B\u00fcndnis gegen Rechts schlie\u00dft sich dem Dank Frank Sommers an.<\/strong><\/p>\n\n\n\n<p><strong>Dazu passt ein fr\u00fcherer Leserbrief des selben Autors:<\/strong><\/p>\n\n\n\n<!--more-->\n\n\n\n<p>AfD-Funktion\u00e4r&nbsp; Klaus-Uwe Junker (H\u00f6sbach) glaubt \nsich und seine rechtsextreme Partei durch einen Kommentar des \u201eMain-Echo\u201d \u2013 \nChefredakteurs Martin Schwarzkopf zu Unrecht&nbsp; als Demokratiever\u00e4chter \ngebrandmarkt. Er m\u00f6chte wissen, ob er \u201cetwas verpasst\u201d habe, da ihm keine \nmenschenfeindlichen und die Demokratie verachtenden \u00c4u\u00dferungen von \nAfD-Politikern bekannt seien. Da scheint der Herr Junker ja in der Tat so \neiniges verpasst zu haben! Zum &nbsp;&nbsp;Beispiel die zahllosen &nbsp;Beleidigungen und Diffamierungen gegen \nAndersdenkende seitens des Faschisten H\u00f6cke, seines Zeichens Sprecher der AfD in \nTh\u00fcringen!<\/p>\n\n\n\n<p>Oder die uns\u00e4gliche \nGleichsetzung&nbsp; der Verbrechen des \nNationalsozialismus&nbsp;&nbsp; mit \neinem&nbsp; \u201cFliegenschiss\u201d durch den&nbsp;&nbsp; AfD-Chef &nbsp;Gauland.<\/p>\n\n\n\n<p>Es steht zu \nerwarten, dass&nbsp; Herr&nbsp; Junker sich darauf hinaus zu reden&nbsp; \nversuchen wird,&nbsp; es handele sich bei \ndiesen&nbsp; Verunglimpfungen ja nicht um \u00c4u\u00dferungen von AfD-Funktion\u00e4ren aus \ndem hiesigen Raum.&nbsp; Wahrscheinlich will er uns weis machen, die \nAschaffenburger AfD-Funktion\u00e4re seien allesamt \u201cwei\u00dfe Raben\u201d und h\u00e4tten mit den \nSpr\u00fcchen ihrer F\u00fchrungsleute nicht das geringste zu tun.<\/p>\n\n\n\n<p>Dieses Problem \nl\u00e4sst sich indessen sehr einfach aus der Welt schaffen: Herr Junker braucht sich \n&nbsp; von&nbsp; diesem Unflat ja \nnur&nbsp; klar und eindeutig zu distanzieren! &nbsp;So lange das allerdings nicht geschieht, \nwird er es wohl&nbsp; aushalten m\u00fcssen, \ndass die \u00d6ffentlichkeit davon ausgeht, dass AfD drin ist wo AfD drauf steht und \ndass sie dem Herrn Junker die&nbsp; Rolle \nder \u201cverfolgten Unschuld vom Lande\u201c nicht abnimmt.<\/p>\n\n\n\n<p><a href=\"https:\/\/www.main-echo.de\/e-paper\/detail\/epa479566,61451,,4\" target=\"_blank\" rel=\"noreferrer noopener\" aria-label=\" (\u00f6ffnet in neuem Tab)\">ver\u00f6ffentlicht am 04.03.2020<\/a><\/p>\n","protected":false},"excerpt":{"rendered":"<p>https:\/\/www.main-echo.de\/regional\/stadt-kreis-aschaffenburg\/Kommunalwahl-Keine-Wahlwerbung-fuer-AfD-mehr-vor-Mainaschaffer-Supermarkt;art3986,6975551 Mit freundlicher Genehmigung des Autors ver\u00f6ffentlichen wir hier zwei Leserbriefe von Frank Sommer, Aschaffenburg:&#8222;Einen &#8218;Shitstorm&#8216; habe es gegen den EDEKA-Markt in Mainaschaff gegeben, ist in der \u00dcberschrift des &#8218;Main-Echo&#8216; vom 3. M\u00e4rz zu lesen. Der Grund: Der\u00a0 AfD sei die die Nutzung des Kundenparkplatzes f\u00fcr Propagandazwecke nicht untersagt worden. Der Duden definiert einen &#8218;Shistorm&#8216;<\/p><\/div>\n<div class=\"blog-btn\"><a href=\"http:\/\/bgr-ab-mil.de\/?p=536\" class=\"home-blog-btn\">Weiterlesen<\/a><\/p>\n","protected":false},"author":1,"featured_media":537,"comment_status":"closed","ping_status":"closed","sticky":false,"template":"","format":"standard","meta":{"footnotes":""},"categories":[41],"tags":[27],"class_list":["post-536","post","type-post","status-publish","format-standard","has-post-thumbnail","hentry","category-leserbrief","tag-afd"],"_links":{"self":[{"href":"http:\/\/bgr-ab-mil.de\/index.php?rest_route=\/wp\/v2\/posts\/536","targetHints":{"allow":["GET"]}}],"collection":[{"href":"http:\/\/bgr-ab-mil.de\/index.php?rest_route=\/wp\/v2\/posts"}],"about":[{"href":"http:\/\/bgr-ab-mil.de\/index.php?rest_route=\/wp\/v2\/types\/post"}],"author":[{"embeddable":true,"href":"http:\/\/bgr-ab-mil.de\/index.php?rest_route=\/wp\/v2\/users\/1"}],"replies":[{"embeddable":true,"href":"http:\/\/bgr-ab-mil.de\/index.php?rest_route=%2Fwp%2Fv2%2Fcomments&post=536"}],"version-history":[{"count":8,"href":"http:\/\/bgr-ab-mil.de\/index.php?rest_route=\/wp\/v2\/posts\/536\/revisions"}],"predecessor-version":[{"id":546,"href":"http:\/\/bgr-ab-mil.de\/index.php?rest_route=\/wp\/v2\/posts\/536\/revisions\/546"}],"wp:featuredmedia":[{"embeddable":true,"href":"http:\/\/bgr-ab-mil.de\/index.php?rest_route=\/wp\/v2\/media\/537"}],"wp:attachment":[{"href":"http:\/\/bgr-ab-mil.de\/index.php?rest_route=%2Fwp%2Fv2%2Fmedia&parent=536"}],"wp:term":[{"taxonomy":"category","embeddable":true,"href":"http:\/\/bgr-ab-mil.de\/index.php?rest_route=%2Fwp%2Fv2%2Fcategories&post=536"},{"taxonomy":"post_tag","embeddable":true,"href":"http:\/\/bgr-ab-mil.de\/index.php?rest_route=%2Fwp%2Fv2%2Ftags&post=536"}],"curies":[{"name":"wp","href":"https:\/\/api.w.org\/{rel}","templated":true}]}}